{"id":14169,"date":"2019-10-08T20:09:08","date_gmt":"2019-10-08T20:09:08","guid":{"rendered":"http:\/\/blogdorogeriogomes.com.br\/?p=14169"},"modified":"2019-10-08T20:09:08","modified_gmt":"2019-10-08T20:09:08","slug":"prefeito-roberto-claudio-participa-de-reuniao-da-frente-nacional-de-prefeitos-em-salvador","status":"publish","type":"post","link":"https:\/\/blogdorogeriogomes.com.br\/noticias\/2019\/10\/prefeito-roberto-claudio-participa-de-reuniao-da-frente-nacional-de-prefeitos-em-salvador\/","title":{"rendered":"Prefeito Roberto Claudio participa de reuni\u00e3o da Frente Nacional de Prefeitos em Salvador"},"content":{"rendered":"<p><img loading=\"lazy\" decoding=\"async\" class=\"alignnone size-medium wp-image-14171\" src=\"http:\/\/blogdorogeriogomes.com.br\/wp-content\/uploads\/2019\/10\/IMG-20191008-WA0180-300x225.jpg\" alt=\"IMG-20191008-WA0180\" width=\"300\" height=\"225\" srcset=\"https:\/\/blogdorogeriogomes.com.br\/noticias\/wp-content\/uploads\/2019\/10\/IMG-20191008-WA0180-300x225.jpg 300w, https:\/\/blogdorogeriogomes.com.br\/noticias\/wp-content\/uploads\/2019\/10\/IMG-20191008-WA0180-768x576.jpg 768w, https:\/\/blogdorogeriogomes.com.br\/noticias\/wp-content\/uploads\/2019\/10\/IMG-20191008-WA0180-1024x768.jpg 1024w, https:\/\/blogdorogeriogomes.com.br\/noticias\/wp-content\/uploads\/2019\/10\/IMG-20191008-WA0180.jpg 1280w\" sizes=\"auto, (max-width: 300px) 100vw, 300px\" \/><\/p>\n<p>O prefeito de Fortaleza, Roberto Claudio, participa at\u00e9 esta quarta-feira, dia 9 de outubro, em Salvador, da 76a Reuni\u00e3o Geral da Frente Nacional de Prefeitos, onde gestores das 100 maiores cidades do Pa\u00eds est\u00e3o debatendo temas como a reforma da Previd\u00eancia, a reforma tribut\u00e1ria e seus impactos nos munic\u00edpios. Tamb\u00e9m est\u00e1 em debate a implanta\u00e7\u00e3o de pol\u00edticas p\u00fablicas e programas oficiais, como as propostas de cons\u00f3rcios p\u00fablicos de saneamento.<br \/>\nO prefeito de Fortaleza destacou que vem fazendo tudo o que est\u00e1 ao alcance do poder p\u00fablico para desburocratizar na concess\u00e3o de licen\u00e7as e alvar\u00e1s na Capital. \u201cHoje, j\u00e1 estamos com 38 servi\u00e7os online, muitos gratuitos, facilitando a vida de quem quer empreender na nossa cidade. Lembro que na minha primeira campanha, em 2012, o Sinduscon falava em um volume mais de R$ 6 bilh\u00f5es de investimentos represados pela burocracia\u201d, disse Roberto Cl\u00e1udio, que foi convidado para integrar a comiss\u00e3o que vai elaborar a proposta da Frente Nacional dos Prefeitos sobre a reforma tribut\u00e1ria e que ser\u00e1 levada ao Governo Federal por meio do Minist\u00e9rio da Economia.<\/p>\n","protected":false},"excerpt":{"rendered":"<p>O prefeito de Fortaleza, Roberto Claudio, participa at\u00e9 esta quarta-feira, dia 9 de outubro, em Salvador, da 76a Reuni\u00e3o Geral da Frente Nacional de Prefeitos, onde gestores das 100 maiores cidades do Pa\u00eds est\u00e3o debatendo temas como a reforma da Previd\u00eancia, a reforma tribut\u00e1ria e seus impactos nos munic\u00edpios. Tamb\u00e9m est\u00e1 em debate a implanta\u00e7\u00e3o de pol\u00edticas p\u00fablicas e programas oficiais, como as propostas de cons\u00f3rcios p\u00fablicos de saneamento. O prefeito de Fortaleza destacou que vem fazendo tudo o&hellip;<\/p>\n","protected":false},"author":1,"featured_media":0,"comment_status":"open","ping_status":"open","sticky":false,"template":"","format":"standard","meta":{"footnotes":""},"categories":[1],"tags":[],"class_list":["post-14169","post","type-post","status-publish","format-standard","hentry","category-noticias"],"_links":{"self":[{"href":"https:\/\/blogdorogeriogomes.com.br\/noticias\/wp-json\/wp\/v2\/posts\/14169","targetHints":{"allow":["GET"]}}],"collection":[{"href":"https:\/\/blogdorogeriogomes.com.br\/noticias\/wp-json\/wp\/v2\/posts"}],"about":[{"href":"https:\/\/blogdorogeriogomes.com.br\/noticias\/wp-json\/wp\/v2\/types\/post"}],"author":[{"embeddable":true,"href":"https:\/\/blogdorogeriogomes.com.br\/noticias\/wp-json\/wp\/v2\/users\/1"}],"replies":[{"embeddable":true,"href":"https:\/\/blogdorogeriogomes.com.br\/noticias\/wp-json\/wp\/v2\/comments?post=14169"}],"version-history":[{"count":1,"href":"https:\/\/blogdorogeriogomes.com.br\/noticias\/wp-json\/wp\/v2\/posts\/14169\/revisions"}],"predecessor-version":[{"id":14172,"href":"https:\/\/blogdorogeriogomes.com.br\/noticias\/wp-json\/wp\/v2\/posts\/14169\/revisions\/14172"}],"wp:attachment":[{"href":"https:\/\/blogdorogeriogomes.com.br\/noticias\/wp-json\/wp\/v2\/media?parent=14169"}],"wp:term":[{"taxonomy":"category","embeddable":true,"href":"https:\/\/blogdorogeriogomes.com.br\/noticias\/wp-json\/wp\/v2\/categories?post=14169"},{"taxonomy":"post_tag","embeddable":true,"href":"https:\/\/blogdorogeriogomes.com.br\/noticias\/wp-json\/wp\/v2\/tags?post=14169"}],"curies":[{"name":"wp","href":"https:\/\/api.w.org\/{rel}","templated":true}]}}