{"id":14187,"date":"2019-10-09T21:34:26","date_gmt":"2019-10-09T21:34:26","guid":{"rendered":"http:\/\/blogdorogeriogomes.com.br\/?p=14187"},"modified":"2019-10-09T21:34:26","modified_gmt":"2019-10-09T21:34:26","slug":"aprovado-regimento-interno-do-conselho-de-governanca-fiscal","status":"publish","type":"post","link":"https:\/\/blogdorogeriogomes.com.br\/noticias\/2019\/10\/aprovado-regimento-interno-do-conselho-de-governanca-fiscal\/","title":{"rendered":"Aprovado regimento interno do Conselho de Governan\u00e7a Fiscal"},"content":{"rendered":"<p><img loading=\"lazy\" decoding=\"async\" class=\"alignnone size-medium wp-image-14188\" src=\"http:\/\/blogdorogeriogomes.com.br\/wp-content\/uploads\/2019\/10\/IMG-20191009-WA0154-300x200.jpg\" alt=\"IMG-20191009-WA0154\" width=\"300\" height=\"200\" srcset=\"https:\/\/blogdorogeriogomes.com.br\/noticias\/wp-content\/uploads\/2019\/10\/IMG-20191009-WA0154-300x200.jpg 300w, https:\/\/blogdorogeriogomes.com.br\/noticias\/wp-content\/uploads\/2019\/10\/IMG-20191009-WA0154-768x512.jpg 768w, https:\/\/blogdorogeriogomes.com.br\/noticias\/wp-content\/uploads\/2019\/10\/IMG-20191009-WA0154-1024x682.jpg 1024w, https:\/\/blogdorogeriogomes.com.br\/noticias\/wp-content\/uploads\/2019\/10\/IMG-20191009-WA0154.jpg 1280w\" sizes=\"auto, (max-width: 300px) 100vw, 300px\" \/><\/p>\n<p>O governador Camilo Santana presidiu na tarde desta quarta-feira, dia 9 de outubro, no Pal\u00e1cio da Aboli\u00e7\u00e3o, a primeira reuni\u00e3o do Conselho de Governan\u00e7a Fiscal do Cear\u00e1, que conta com a participa\u00e7\u00e3o da Assembleia Legislativa, Tribunal de Justi\u00e7a, Minist\u00e9rio P\u00fablico, Defensoria P\u00fablica, Tribunal de Contas do Estado e as secretarias da Fazenda, Planejamento, Casa Civil, Controladoria e Procuradoria.<br \/>\nNa ocasi\u00e3o, foi aprovado o regimento interno do conselho, que \u00e9 pioneiro no Brasil e ser\u00e1 respons\u00e1vel por estabelecer diretrizes de esfor\u00e7os e efici\u00eancia fiscal; monitorar os resultados, propor altera\u00e7\u00f5es e disseminar boas pr\u00e1ticas de gest\u00e3o fiscal no Estado, incluindo a\u00e7\u00f5es em parceria com os munic\u00edpios. O conselho com os gestores dever\u00e1 se reunir a cada quatro meses.<br \/>\n&#8220;Considero esse conselho um marco para a \u00e1rea econ\u00f4mica do nosso estado. Tenho convic\u00e7\u00e3o de que, com muito di\u00e1logo e a integra\u00e7\u00e3o de todas as institui\u00e7\u00f5es, conseguiremos melhorar ainda mais a situa\u00e7\u00e3o fiscal do nosso estado. Agrade\u00e7o a todos pela parceria&#8221;, citou o governador Camilo Santana.<\/p>\n","protected":false},"excerpt":{"rendered":"<p>O governador Camilo Santana presidiu na tarde desta quarta-feira, dia 9 de outubro, no Pal\u00e1cio da Aboli\u00e7\u00e3o, a primeira reuni\u00e3o do Conselho de Governan\u00e7a Fiscal do Cear\u00e1, que conta com a participa\u00e7\u00e3o da Assembleia Legislativa, Tribunal de Justi\u00e7a, Minist\u00e9rio P\u00fablico, Defensoria P\u00fablica, Tribunal de Contas do Estado e as secretarias da Fazenda, Planejamento, Casa Civil, Controladoria e Procuradoria. Na ocasi\u00e3o, foi aprovado o regimento interno do conselho, que \u00e9 pioneiro no Brasil e ser\u00e1 respons\u00e1vel por estabelecer diretrizes de&hellip;<\/p>\n","protected":false},"author":1,"featured_media":0,"comment_status":"open","ping_status":"open","sticky":false,"template":"","format":"standard","meta":{"footnotes":""},"categories":[1],"tags":[],"class_list":["post-14187","post","type-post","status-publish","format-standard","hentry","category-noticias"],"_links":{"self":[{"href":"https:\/\/blogdorogeriogomes.com.br\/noticias\/wp-json\/wp\/v2\/posts\/14187","targetHints":{"allow":["GET"]}}],"collection":[{"href":"https:\/\/blogdorogeriogomes.com.br\/noticias\/wp-json\/wp\/v2\/posts"}],"about":[{"href":"https:\/\/blogdorogeriogomes.com.br\/noticias\/wp-json\/wp\/v2\/types\/post"}],"author":[{"embeddable":true,"href":"https:\/\/blogdorogeriogomes.com.br\/noticias\/wp-json\/wp\/v2\/users\/1"}],"replies":[{"embeddable":true,"href":"https:\/\/blogdorogeriogomes.com.br\/noticias\/wp-json\/wp\/v2\/comments?post=14187"}],"version-history":[{"count":1,"href":"https:\/\/blogdorogeriogomes.com.br\/noticias\/wp-json\/wp\/v2\/posts\/14187\/revisions"}],"predecessor-version":[{"id":14189,"href":"https:\/\/blogdorogeriogomes.com.br\/noticias\/wp-json\/wp\/v2\/posts\/14187\/revisions\/14189"}],"wp:attachment":[{"href":"https:\/\/blogdorogeriogomes.com.br\/noticias\/wp-json\/wp\/v2\/media?parent=14187"}],"wp:term":[{"taxonomy":"category","embeddable":true,"href":"https:\/\/blogdorogeriogomes.com.br\/noticias\/wp-json\/wp\/v2\/categories?post=14187"},{"taxonomy":"post_tag","embeddable":true,"href":"https:\/\/blogdorogeriogomes.com.br\/noticias\/wp-json\/wp\/v2\/tags?post=14187"}],"curies":[{"name":"wp","href":"https:\/\/api.w.org\/{rel}","templated":true}]}}