{"id":14190,"date":"2019-10-09T21:50:23","date_gmt":"2019-10-09T21:50:23","guid":{"rendered":"http:\/\/blogdorogeriogomes.com.br\/?p=14190"},"modified":"2019-10-09T21:50:23","modified_gmt":"2019-10-09T21:50:23","slug":"roberto-claudio-apresenta-projeto-calcada-vida-para-melhorar-mobilidade-para-o-pedestre","status":"publish","type":"post","link":"https:\/\/blogdorogeriogomes.com.br\/noticias\/2019\/10\/roberto-claudio-apresenta-projeto-calcada-vida-para-melhorar-mobilidade-para-o-pedestre\/","title":{"rendered":"Roberto Cl\u00e1udio apresenta projeto Cal\u00e7ada Vida para melhorar mobilidade para o pedestre"},"content":{"rendered":"<p><img loading=\"lazy\" decoding=\"async\" class=\"alignnone size-medium wp-image-14191\" src=\"http:\/\/blogdorogeriogomes.com.br\/wp-content\/uploads\/2019\/10\/IMG_20191009_184452_208-300x180.jpg\" alt=\"IMG_20191009_184452_208\" width=\"300\" height=\"180\" srcset=\"https:\/\/blogdorogeriogomes.com.br\/noticias\/wp-content\/uploads\/2019\/10\/IMG_20191009_184452_208-300x180.jpg 300w, https:\/\/blogdorogeriogomes.com.br\/noticias\/wp-content\/uploads\/2019\/10\/IMG_20191009_184452_208.jpg 360w\" sizes=\"auto, (max-width: 300px) 100vw, 300px\" \/><\/p>\n<p>Mais uma interven\u00e7\u00e3o deve melhorar a mobilidade urbana no Centro de Fortaleza. O projeto Cal\u00e7ada Viva para a Rua do Bar\u00e3o do Rio Branco, ser\u00e1 lan\u00e7ado nesta quinta-feira, dia 10 de outubro, durante uma coletiva de imprensa, no Pa\u00e7o Municipal. Na ocasi\u00e3o, o prefeito da Capital, Roberto Cl\u00e1udio, vai apresentar um balan\u00e7o do eixo de infraestrutura e mobilidade urbana do Novo Centro. Gestores municipais dar\u00e3o detalhes das novas interven\u00e7\u00f5es que visam melhorar a locomo\u00e7\u00e3o de pedestres nessa importante regi\u00e3o da Cidade.<br \/>\nPor meio de interven\u00e7\u00f5es que melhorem o deslocamento de quem anda a p\u00e9, como cal\u00e7adas requalificadas, faixas elevadas para pedestres, paraciclos e a implanta\u00e7\u00e3o de mobili\u00e1rio especial, entre outras interven\u00e7\u00f5es, o programa visa beneficiar o fluxo de pedestres, a conviv\u00eancia e o com\u00e9rcio na regi\u00e3o.<\/p>\n","protected":false},"excerpt":{"rendered":"<p>Mais uma interven\u00e7\u00e3o deve melhorar a mobilidade urbana no Centro de Fortaleza. O projeto Cal\u00e7ada Viva para a Rua do Bar\u00e3o do Rio Branco, ser\u00e1 lan\u00e7ado nesta quinta-feira, dia 10 de outubro, durante uma coletiva de imprensa, no Pa\u00e7o Municipal. Na ocasi\u00e3o, o prefeito da Capital, Roberto Cl\u00e1udio, vai apresentar um balan\u00e7o do eixo de infraestrutura e mobilidade urbana do Novo Centro. Gestores municipais dar\u00e3o detalhes das novas interven\u00e7\u00f5es que visam melhorar a locomo\u00e7\u00e3o de pedestres nessa importante regi\u00e3o&hellip;<\/p>\n","protected":false},"author":1,"featured_media":0,"comment_status":"open","ping_status":"open","sticky":false,"template":"","format":"standard","meta":{"footnotes":""},"categories":[1],"tags":[],"class_list":["post-14190","post","type-post","status-publish","format-standard","hentry","category-noticias"],"_links":{"self":[{"href":"https:\/\/blogdorogeriogomes.com.br\/noticias\/wp-json\/wp\/v2\/posts\/14190","targetHints":{"allow":["GET"]}}],"collection":[{"href":"https:\/\/blogdorogeriogomes.com.br\/noticias\/wp-json\/wp\/v2\/posts"}],"about":[{"href":"https:\/\/blogdorogeriogomes.com.br\/noticias\/wp-json\/wp\/v2\/types\/post"}],"author":[{"embeddable":true,"href":"https:\/\/blogdorogeriogomes.com.br\/noticias\/wp-json\/wp\/v2\/users\/1"}],"replies":[{"embeddable":true,"href":"https:\/\/blogdorogeriogomes.com.br\/noticias\/wp-json\/wp\/v2\/comments?post=14190"}],"version-history":[{"count":1,"href":"https:\/\/blogdorogeriogomes.com.br\/noticias\/wp-json\/wp\/v2\/posts\/14190\/revisions"}],"predecessor-version":[{"id":14192,"href":"https:\/\/blogdorogeriogomes.com.br\/noticias\/wp-json\/wp\/v2\/posts\/14190\/revisions\/14192"}],"wp:attachment":[{"href":"https:\/\/blogdorogeriogomes.com.br\/noticias\/wp-json\/wp\/v2\/media?parent=14190"}],"wp:term":[{"taxonomy":"category","embeddable":true,"href":"https:\/\/blogdorogeriogomes.com.br\/noticias\/wp-json\/wp\/v2\/categories?post=14190"},{"taxonomy":"post_tag","embeddable":true,"href":"https:\/\/blogdorogeriogomes.com.br\/noticias\/wp-json\/wp\/v2\/tags?post=14190"}],"curies":[{"name":"wp","href":"https:\/\/api.w.org\/{rel}","templated":true}]}}