{"id":14193,"date":"2019-10-10T09:46:11","date_gmt":"2019-10-10T09:46:11","guid":{"rendered":"http:\/\/blogdorogeriogomes.com.br\/?p=14193"},"modified":"2019-10-10T09:46:11","modified_gmt":"2019-10-10T09:46:11","slug":"estudantes-da-rede-publica-estadual-ganham-notebooks-pelo-bom-desempenho-escolar","status":"publish","type":"post","link":"https:\/\/blogdorogeriogomes.com.br\/noticias\/2019\/10\/estudantes-da-rede-publica-estadual-ganham-notebooks-pelo-bom-desempenho-escolar\/","title":{"rendered":"Estudantes da rede p\u00fablica estadual ganham notebooks pelo bom desempenho escolar"},"content":{"rendered":"<p><img loading=\"lazy\" decoding=\"async\" class=\"alignnone size-medium wp-image-14194\" src=\"http:\/\/blogdorogeriogomes.com.br\/wp-content\/uploads\/2019\/10\/IMG_20191010_063955_326-300x300.jpg\" alt=\"IMG_20191010_063955_326\" width=\"300\" height=\"300\" srcset=\"https:\/\/blogdorogeriogomes.com.br\/noticias\/wp-content\/uploads\/2019\/10\/IMG_20191010_063955_326-300x300.jpg 300w, https:\/\/blogdorogeriogomes.com.br\/noticias\/wp-content\/uploads\/2019\/10\/IMG_20191010_063955_326-150x150.jpg 150w, https:\/\/blogdorogeriogomes.com.br\/noticias\/wp-content\/uploads\/2019\/10\/IMG_20191010_063955_326.jpg 387w\" sizes=\"auto, (max-width: 300px) 100vw, 300px\" \/><\/p>\n<p>Em mais uma a\u00e7\u00e3o de incentivo a estudantes da rede p\u00fablica de ensino com bom desempenho escolar, o governador do Cear\u00e1, Camilo Santana, entrega nesta quinta-feira, dia 10 de outubro, no Centro de Eventos do Cear\u00e1, 12 mil notebooks aos alunos do Ensino M\u00e9dio da rede p\u00fablica do Cear\u00e1. Est\u00e3o sendo premiados estudantes da Capital e do interior. A iniciativa da Secretaria de Educa\u00e7\u00e3o do Estado j\u00e1 foi realizada em outros anos. O Governo do Cear\u00e1 investiu R$ 11,9 milh\u00f5es para a aquisi\u00e7\u00e3o dos 12 mil notebooks da premia\u00e7\u00e3o.<\/p>\n","protected":false},"excerpt":{"rendered":"<p>Em mais uma a\u00e7\u00e3o de incentivo a estudantes da rede p\u00fablica de ensino com bom desempenho escolar, o governador do Cear\u00e1, Camilo Santana, entrega nesta quinta-feira, dia 10 de outubro, no Centro de Eventos do Cear\u00e1, 12 mil notebooks aos alunos do Ensino M\u00e9dio da rede p\u00fablica do Cear\u00e1. Est\u00e3o sendo premiados estudantes da Capital e do interior. A iniciativa da Secretaria de Educa\u00e7\u00e3o do Estado j\u00e1 foi realizada em outros anos. O Governo do Cear\u00e1 investiu R$ 11,9&hellip;<\/p>\n","protected":false},"author":1,"featured_media":0,"comment_status":"open","ping_status":"open","sticky":false,"template":"","format":"standard","meta":{"footnotes":""},"categories":[1],"tags":[],"class_list":["post-14193","post","type-post","status-publish","format-standard","hentry","category-noticias"],"_links":{"self":[{"href":"https:\/\/blogdorogeriogomes.com.br\/noticias\/wp-json\/wp\/v2\/posts\/14193","targetHints":{"allow":["GET"]}}],"collection":[{"href":"https:\/\/blogdorogeriogomes.com.br\/noticias\/wp-json\/wp\/v2\/posts"}],"about":[{"href":"https:\/\/blogdorogeriogomes.com.br\/noticias\/wp-json\/wp\/v2\/types\/post"}],"author":[{"embeddable":true,"href":"https:\/\/blogdorogeriogomes.com.br\/noticias\/wp-json\/wp\/v2\/users\/1"}],"replies":[{"embeddable":true,"href":"https:\/\/blogdorogeriogomes.com.br\/noticias\/wp-json\/wp\/v2\/comments?post=14193"}],"version-history":[{"count":1,"href":"https:\/\/blogdorogeriogomes.com.br\/noticias\/wp-json\/wp\/v2\/posts\/14193\/revisions"}],"predecessor-version":[{"id":14195,"href":"https:\/\/blogdorogeriogomes.com.br\/noticias\/wp-json\/wp\/v2\/posts\/14193\/revisions\/14195"}],"wp:attachment":[{"href":"https:\/\/blogdorogeriogomes.com.br\/noticias\/wp-json\/wp\/v2\/media?parent=14193"}],"wp:term":[{"taxonomy":"category","embeddable":true,"href":"https:\/\/blogdorogeriogomes.com.br\/noticias\/wp-json\/wp\/v2\/categories?post=14193"},{"taxonomy":"post_tag","embeddable":true,"href":"https:\/\/blogdorogeriogomes.com.br\/noticias\/wp-json\/wp\/v2\/tags?post=14193"}],"curies":[{"name":"wp","href":"https:\/\/api.w.org\/{rel}","templated":true}]}}