{"id":14199,"date":"2019-10-10T23:23:09","date_gmt":"2019-10-10T23:23:09","guid":{"rendered":"http:\/\/blogdorogeriogomes.com.br\/?p=14199"},"modified":"2019-10-10T23:23:09","modified_gmt":"2019-10-10T23:23:09","slug":"prefeitura-de-fortaleza-lanca-cartao-missao-infancia-nesta-sexta-feira","status":"publish","type":"post","link":"https:\/\/blogdorogeriogomes.com.br\/noticias\/2019\/10\/prefeitura-de-fortaleza-lanca-cartao-missao-infancia-nesta-sexta-feira\/","title":{"rendered":"Prefeitura de Fortaleza lan\u00e7a Cart\u00e3o Miss\u00e3o Inf\u00e2ncia nesta sexta-feira"},"content":{"rendered":"<p><img loading=\"lazy\" decoding=\"async\" class=\"alignnone size-medium wp-image-14200\" src=\"http:\/\/blogdorogeriogomes.com.br\/wp-content\/uploads\/2019\/10\/IMG_20191010_201918_584-300x215.jpg\" alt=\"IMG_20191010_201918_584\" width=\"300\" height=\"215\" srcset=\"https:\/\/blogdorogeriogomes.com.br\/noticias\/wp-content\/uploads\/2019\/10\/IMG_20191010_201918_584-300x215.jpg 300w, https:\/\/blogdorogeriogomes.com.br\/noticias\/wp-content\/uploads\/2019\/10\/IMG_20191010_201918_584-768x549.jpg 768w, https:\/\/blogdorogeriogomes.com.br\/noticias\/wp-content\/uploads\/2019\/10\/IMG_20191010_201918_584-1024x733.jpg 1024w\" sizes=\"auto, (max-width: 300px) 100vw, 300px\" \/><\/p>\n<p>A Prefeitura de Fortaleza lan\u00e7a, nesta sexta-feira, dia 11 de outubro, o Cart\u00e3o Miss\u00e3o Inf\u00e2ncia. O prefeito Roberto Cl\u00e1udio assina o Decreto que regulamenta a cria\u00e7\u00e3o do primeiro programa municipal de transfer\u00eancia direta de renda voltado para a Primeira Inf\u00e2ncia. Ao todo, ser\u00e3o 12.220 crian\u00e7as de 0 a 2 anos e 11 meses em situa\u00e7\u00e3o de vulnerabilidade beneficiadas com o aux\u00edlio de R$ 50 por m\u00eas.<br \/>\nO pagamento j\u00e1 ser\u00e1 realizado a partir de novembro. O recurso do programa de transfer\u00eancia de renda \u00e9 do Tesouro Municipal. O Bradesco ser\u00e1 a institui\u00e7\u00e3o financeira respons\u00e1vel pelo repasse do benef\u00edcio atrav\u00e9s de cart\u00e3o magn\u00e9tico, com a identifica\u00e7\u00e3o do respons\u00e1vel familiar e do N\u00famero de Identifica\u00e7\u00e3o Social (NIS). As fam\u00edlias beneficiadas foram selecionadas a partir do Cadastro \u00danico para Programas Sociais, do Governo Federal.<\/p>\n","protected":false},"excerpt":{"rendered":"<p>A Prefeitura de Fortaleza lan\u00e7a, nesta sexta-feira, dia 11 de outubro, o Cart\u00e3o Miss\u00e3o Inf\u00e2ncia. O prefeito Roberto Cl\u00e1udio assina o Decreto que regulamenta a cria\u00e7\u00e3o do primeiro programa municipal de transfer\u00eancia direta de renda voltado para a Primeira Inf\u00e2ncia. Ao todo, ser\u00e3o 12.220 crian\u00e7as de 0 a 2 anos e 11 meses em situa\u00e7\u00e3o de vulnerabilidade beneficiadas com o aux\u00edlio de R$ 50 por m\u00eas. O pagamento j\u00e1 ser\u00e1 realizado a partir de novembro. O recurso do programa&hellip;<\/p>\n","protected":false},"author":1,"featured_media":0,"comment_status":"open","ping_status":"open","sticky":false,"template":"","format":"standard","meta":{"footnotes":""},"categories":[1],"tags":[],"class_list":["post-14199","post","type-post","status-publish","format-standard","hentry","category-noticias"],"_links":{"self":[{"href":"https:\/\/blogdorogeriogomes.com.br\/noticias\/wp-json\/wp\/v2\/posts\/14199","targetHints":{"allow":["GET"]}}],"collection":[{"href":"https:\/\/blogdorogeriogomes.com.br\/noticias\/wp-json\/wp\/v2\/posts"}],"about":[{"href":"https:\/\/blogdorogeriogomes.com.br\/noticias\/wp-json\/wp\/v2\/types\/post"}],"author":[{"embeddable":true,"href":"https:\/\/blogdorogeriogomes.com.br\/noticias\/wp-json\/wp\/v2\/users\/1"}],"replies":[{"embeddable":true,"href":"https:\/\/blogdorogeriogomes.com.br\/noticias\/wp-json\/wp\/v2\/comments?post=14199"}],"version-history":[{"count":1,"href":"https:\/\/blogdorogeriogomes.com.br\/noticias\/wp-json\/wp\/v2\/posts\/14199\/revisions"}],"predecessor-version":[{"id":14201,"href":"https:\/\/blogdorogeriogomes.com.br\/noticias\/wp-json\/wp\/v2\/posts\/14199\/revisions\/14201"}],"wp:attachment":[{"href":"https:\/\/blogdorogeriogomes.com.br\/noticias\/wp-json\/wp\/v2\/media?parent=14199"}],"wp:term":[{"taxonomy":"category","embeddable":true,"href":"https:\/\/blogdorogeriogomes.com.br\/noticias\/wp-json\/wp\/v2\/categories?post=14199"},{"taxonomy":"post_tag","embeddable":true,"href":"https:\/\/blogdorogeriogomes.com.br\/noticias\/wp-json\/wp\/v2\/tags?post=14199"}],"curies":[{"name":"wp","href":"https:\/\/api.w.org\/{rel}","templated":true}]}}