{"id":14206,"date":"2019-10-11T09:09:47","date_gmt":"2019-10-11T09:09:47","guid":{"rendered":"http:\/\/blogdorogeriogomes.com.br\/?p=14206"},"modified":"2019-10-11T09:09:47","modified_gmt":"2019-10-11T09:09:47","slug":"bancada-federal-cearense-discute-destinacao-de-emendas-parlamentares-para-2020","status":"publish","type":"post","link":"https:\/\/blogdorogeriogomes.com.br\/noticias\/2019\/10\/bancada-federal-cearense-discute-destinacao-de-emendas-parlamentares-para-2020\/","title":{"rendered":"Bancada federal cearense discute destina\u00e7\u00e3o de emendas parlamentares para 2020"},"content":{"rendered":"<p><img loading=\"lazy\" decoding=\"async\" class=\"alignnone size-medium wp-image-14207\" src=\"http:\/\/blogdorogeriogomes.com.br\/wp-content\/uploads\/2019\/10\/IMG_20191011_060626_924-300x225.jpg\" alt=\"IMG_20191011_060626_924\" width=\"300\" height=\"225\" srcset=\"https:\/\/blogdorogeriogomes.com.br\/noticias\/wp-content\/uploads\/2019\/10\/IMG_20191011_060626_924-300x225.jpg 300w, https:\/\/blogdorogeriogomes.com.br\/noticias\/wp-content\/uploads\/2019\/10\/IMG_20191011_060626_924.jpg 640w\" sizes=\"auto, (max-width: 300px) 100vw, 300px\" \/><\/p>\n<p>A bancada federal cearense formada por deputados federais e senadores se re\u00fanem, na pr\u00f3xima ter\u00e7a-feira, dia 15 de outubro, para definir a destina\u00e7\u00e3o dos R$ 248 milh\u00f5es de reais dispon\u00edveis para o Cear\u00e1 nas emendas parlamentares no or\u00e7amento federal de 2020. O encontro dever\u00e1 contar com a presen\u00e7a dos 22 deputados federais, dos tr\u00eas senadores e do governador Camilo Santana.<br \/>\nCamilo avalia que os recursos devem ser divididos pela metade. Uma parte por indica\u00e7\u00e3o de cada membro da bancada e a outra metade para obras estruturantes do Estado.<br \/>\nNo planejamento do Governo do Estado, parte das emendas de bancada ser\u00e1 utilizada na constru\u00e7\u00e3o do Hospital Universit\u00e1rio da Uece, previsto no pacote de interven\u00e7\u00f5es da Secretaria de Sa\u00fade do Estado. Outro valor \u00e9 destinado em novos investimentos em seguran\u00e7a.<\/p>\n","protected":false},"excerpt":{"rendered":"<p>A bancada federal cearense formada por deputados federais e senadores se re\u00fanem, na pr\u00f3xima ter\u00e7a-feira, dia 15 de outubro, para definir a destina\u00e7\u00e3o dos R$ 248 milh\u00f5es de reais dispon\u00edveis para o Cear\u00e1 nas emendas parlamentares no or\u00e7amento federal de 2020. O encontro dever\u00e1 contar com a presen\u00e7a dos 22 deputados federais, dos tr\u00eas senadores e do governador Camilo Santana. Camilo avalia que os recursos devem ser divididos pela metade. Uma parte por indica\u00e7\u00e3o de cada membro da bancada&hellip;<\/p>\n","protected":false},"author":1,"featured_media":0,"comment_status":"open","ping_status":"open","sticky":false,"template":"","format":"standard","meta":{"footnotes":""},"categories":[1],"tags":[],"class_list":["post-14206","post","type-post","status-publish","format-standard","hentry","category-noticias"],"_links":{"self":[{"href":"https:\/\/blogdorogeriogomes.com.br\/noticias\/wp-json\/wp\/v2\/posts\/14206","targetHints":{"allow":["GET"]}}],"collection":[{"href":"https:\/\/blogdorogeriogomes.com.br\/noticias\/wp-json\/wp\/v2\/posts"}],"about":[{"href":"https:\/\/blogdorogeriogomes.com.br\/noticias\/wp-json\/wp\/v2\/types\/post"}],"author":[{"embeddable":true,"href":"https:\/\/blogdorogeriogomes.com.br\/noticias\/wp-json\/wp\/v2\/users\/1"}],"replies":[{"embeddable":true,"href":"https:\/\/blogdorogeriogomes.com.br\/noticias\/wp-json\/wp\/v2\/comments?post=14206"}],"version-history":[{"count":1,"href":"https:\/\/blogdorogeriogomes.com.br\/noticias\/wp-json\/wp\/v2\/posts\/14206\/revisions"}],"predecessor-version":[{"id":14208,"href":"https:\/\/blogdorogeriogomes.com.br\/noticias\/wp-json\/wp\/v2\/posts\/14206\/revisions\/14208"}],"wp:attachment":[{"href":"https:\/\/blogdorogeriogomes.com.br\/noticias\/wp-json\/wp\/v2\/media?parent=14206"}],"wp:term":[{"taxonomy":"category","embeddable":true,"href":"https:\/\/blogdorogeriogomes.com.br\/noticias\/wp-json\/wp\/v2\/categories?post=14206"},{"taxonomy":"post_tag","embeddable":true,"href":"https:\/\/blogdorogeriogomes.com.br\/noticias\/wp-json\/wp\/v2\/tags?post=14206"}],"curies":[{"name":"wp","href":"https:\/\/api.w.org\/{rel}","templated":true}]}}