{"id":14214,"date":"2019-10-12T15:23:59","date_gmt":"2019-10-12T15:23:59","guid":{"rendered":"http:\/\/blogdorogeriogomes.com.br\/?p=14214"},"modified":"2019-10-12T15:23:59","modified_gmt":"2019-10-12T15:23:59","slug":"defesa-de-lula-tem-uma-semana-para-se-pronunciar-sobre-o-regime-semiaberto","status":"publish","type":"post","link":"https:\/\/blogdorogeriogomes.com.br\/noticias\/2019\/10\/defesa-de-lula-tem-uma-semana-para-se-pronunciar-sobre-o-regime-semiaberto\/","title":{"rendered":"Defesa de Lula tem uma semana para se pronunciar sobre o regime semiaberto"},"content":{"rendered":"<p><img loading=\"lazy\" decoding=\"async\" class=\"alignnone size-medium wp-image-14215\" src=\"http:\/\/blogdorogeriogomes.com.br\/wp-content\/uploads\/2019\/10\/IMG_20191012_121754_829-300x179.jpg\" alt=\"IMG_20191012_121754_829\" width=\"300\" height=\"179\" srcset=\"https:\/\/blogdorogeriogomes.com.br\/noticias\/wp-content\/uploads\/2019\/10\/IMG_20191012_121754_829-300x179.jpg 300w, https:\/\/blogdorogeriogomes.com.br\/noticias\/wp-content\/uploads\/2019\/10\/IMG_20191012_121754_829.jpg 605w\" sizes=\"auto, (max-width: 300px) 100vw, 300px\" \/><\/p>\n<p>A Justi\u00e7a Federal abriu prazo at\u00e9 a pr\u00f3xima sexta-feira, dia 18 de outubro, para que a defesa do ex-presidente Lula se pronuncie sobre o pedido de regime semiaberto que poder\u00e1 permitir que o petista deixe a Superintend\u00eancia da Pol\u00edcia Federal, em Curitiba, e v\u00e1 pra casa.<br \/>\nVale lembrar que o Minist\u00e9rio P\u00fablico Federal j\u00e1 se posicionou pela progress\u00e3o de regime de Lula, al\u00e9m da Pol\u00edcia Federal ter atestado o perfil de boa conduta do ex-presidente durante o per\u00edodo em que est\u00e1 recolhido na sede da PF. Lula est\u00e1 preso desde abril do ano passado.<br \/>\nA quest\u00e3o agora \u00e9 saber como a defesa de Lula vai proceder diante da rea\u00e7\u00e3o do ex-presidente de que n\u00e3o iria barganhar seus direitos e sua liberdade. Ou seja, s\u00f3 quer deixar a pris\u00e3o diante da anula\u00e7\u00e3o da senten\u00e7a do ex-juiz S\u00e9rgio Moro no caso do apartamento triplex do Guaruj\u00e1. Mensagens vazadas pelo site The Intercept Brasil envolvendo Moro e procuradores da Lava Jato revelaram pr\u00e1ticas que colocaram o julgamento sob suspeita \u00e9 pass\u00edvel de anula\u00e7\u00e3o.<br \/>\nNo entanto, o julgamento da suspei\u00e7\u00e3o de Moro no Supremo Tribunal Federal s\u00f3 dever\u00e1 acontecer at\u00e9 o fim de novembro. At\u00e9 l\u00e1, a ju\u00edza de Curitiba, Carolina Lebbos, deve anunciar sua decis\u00e3o sobre a soltura do ex-presidente.<br \/>\nLula j\u00e1 anunciou, atrav\u00e9s dos seus advogados, que n\u00e3o aceitar\u00e1 restri\u00e7\u00f5es para sair da pris\u00e3o, como o uso de tornozeleira eletr\u00f4nica. A semana promete desdobramentos no caso.<\/p>\n","protected":false},"excerpt":{"rendered":"<p>A Justi\u00e7a Federal abriu prazo at\u00e9 a pr\u00f3xima sexta-feira, dia 18 de outubro, para que a defesa do ex-presidente Lula se pronuncie sobre o pedido de regime semiaberto que poder\u00e1 permitir que o petista deixe a Superintend\u00eancia da Pol\u00edcia Federal, em Curitiba, e v\u00e1 pra casa. Vale lembrar que o Minist\u00e9rio P\u00fablico Federal j\u00e1 se posicionou pela progress\u00e3o de regime de Lula, al\u00e9m da Pol\u00edcia Federal ter atestado o perfil de boa conduta do ex-presidente durante o per\u00edodo em&hellip;<\/p>\n","protected":false},"author":1,"featured_media":0,"comment_status":"open","ping_status":"open","sticky":false,"template":"","format":"standard","meta":{"footnotes":""},"categories":[1],"tags":[],"class_list":["post-14214","post","type-post","status-publish","format-standard","hentry","category-noticias"],"_links":{"self":[{"href":"https:\/\/blogdorogeriogomes.com.br\/noticias\/wp-json\/wp\/v2\/posts\/14214","targetHints":{"allow":["GET"]}}],"collection":[{"href":"https:\/\/blogdorogeriogomes.com.br\/noticias\/wp-json\/wp\/v2\/posts"}],"about":[{"href":"https:\/\/blogdorogeriogomes.com.br\/noticias\/wp-json\/wp\/v2\/types\/post"}],"author":[{"embeddable":true,"href":"https:\/\/blogdorogeriogomes.com.br\/noticias\/wp-json\/wp\/v2\/users\/1"}],"replies":[{"embeddable":true,"href":"https:\/\/blogdorogeriogomes.com.br\/noticias\/wp-json\/wp\/v2\/comments?post=14214"}],"version-history":[{"count":1,"href":"https:\/\/blogdorogeriogomes.com.br\/noticias\/wp-json\/wp\/v2\/posts\/14214\/revisions"}],"predecessor-version":[{"id":14216,"href":"https:\/\/blogdorogeriogomes.com.br\/noticias\/wp-json\/wp\/v2\/posts\/14214\/revisions\/14216"}],"wp:attachment":[{"href":"https:\/\/blogdorogeriogomes.com.br\/noticias\/wp-json\/wp\/v2\/media?parent=14214"}],"wp:term":[{"taxonomy":"category","embeddable":true,"href":"https:\/\/blogdorogeriogomes.com.br\/noticias\/wp-json\/wp\/v2\/categories?post=14214"},{"taxonomy":"post_tag","embeddable":true,"href":"https:\/\/blogdorogeriogomes.com.br\/noticias\/wp-json\/wp\/v2\/tags?post=14214"}],"curies":[{"name":"wp","href":"https:\/\/api.w.org\/{rel}","templated":true}]}}