{"id":14221,"date":"2019-10-14T09:13:58","date_gmt":"2019-10-14T09:13:58","guid":{"rendered":"http:\/\/blogdorogeriogomes.com.br\/?p=14221"},"modified":"2019-10-14T09:13:58","modified_gmt":"2019-10-14T09:13:58","slug":"congresso-nacional-precisa-acelerar-votacoes-para-cumprir-a-pauta-legislativa-ate-dezembro","status":"publish","type":"post","link":"https:\/\/blogdorogeriogomes.com.br\/noticias\/2019\/10\/congresso-nacional-precisa-acelerar-votacoes-para-cumprir-a-pauta-legislativa-ate-dezembro\/","title":{"rendered":"Congresso Nacional precisa acelerar vota\u00e7\u00f5es para cumprir a pauta legislativa at\u00e9 dezembro"},"content":{"rendered":"<p><img loading=\"lazy\" decoding=\"async\" class=\"alignnone size-medium wp-image-14222\" src=\"http:\/\/blogdorogeriogomes.com.br\/wp-content\/uploads\/2019\/10\/IMG_20191014_061001_027-300x199.jpg\" alt=\"IMG_20191014_061001_027\" width=\"300\" height=\"199\" srcset=\"https:\/\/blogdorogeriogomes.com.br\/noticias\/wp-content\/uploads\/2019\/10\/IMG_20191014_061001_027-300x199.jpg 300w, https:\/\/blogdorogeriogomes.com.br\/noticias\/wp-content\/uploads\/2019\/10\/IMG_20191014_061001_027-768x509.jpg 768w, https:\/\/blogdorogeriogomes.com.br\/noticias\/wp-content\/uploads\/2019\/10\/IMG_20191014_061001_027.jpg 860w\" sizes=\"auto, (max-width: 300px) 100vw, 300px\" \/><\/p>\n<p>A apenas dois meses de encerrar o ano legislativo, o Congresso Nacional precisa acelerar o passo para que propostas importantes sejam apreciadas. O Or\u00e7amento Federal 2020 e a reforma da Previd\u00eancia s\u00e3o os projetos apontados por parlamentares cearenses como os priorit\u00e1rios, mas h\u00e1 mat\u00e9rias como a reforma administrativa, a reforma tribut\u00e1ria e at\u00e9 projetos do pacto federativo na fila.<br \/>\nO Plen\u00e1rio do Senado pode finalizar, j\u00e1 nesta semana, a an\u00e1lise do texto principal da reforma da Previd\u00eancia. O Plen\u00e1rio ter\u00e1 as duas \u00faltimas sess\u00f5es de discuss\u00e3o do texto final nesta ter\u00e7a-feira, dia 15 de outubro, e quarta-feira, dia 16. Se cumprido o calend\u00e1rio, a PEC estar\u00e1 pronta para a vota\u00e7\u00e3o em 2\u00ba turno na pr\u00f3pria quarta-feira. Antes de concluir o segundo turno da reforma da previd\u00eancia, por\u00e9m, os senadores devem votar o projeto de lei que trata do rateio, entre estados e munic\u00edpios, de parte dos recursos do leil\u00e3o de petr\u00f3leo do pr\u00e9-sal a ser realizado no pr\u00f3ximo dia 6 de novembro.<\/p>\n","protected":false},"excerpt":{"rendered":"<p>A apenas dois meses de encerrar o ano legislativo, o Congresso Nacional precisa acelerar o passo para que propostas importantes sejam apreciadas. O Or\u00e7amento Federal 2020 e a reforma da Previd\u00eancia s\u00e3o os projetos apontados por parlamentares cearenses como os priorit\u00e1rios, mas h\u00e1 mat\u00e9rias como a reforma administrativa, a reforma tribut\u00e1ria e at\u00e9 projetos do pacto federativo na fila. O Plen\u00e1rio do Senado pode finalizar, j\u00e1 nesta semana, a an\u00e1lise do texto principal da reforma da Previd\u00eancia. O Plen\u00e1rio&hellip;<\/p>\n","protected":false},"author":1,"featured_media":0,"comment_status":"open","ping_status":"open","sticky":false,"template":"","format":"standard","meta":{"footnotes":""},"categories":[1],"tags":[],"class_list":["post-14221","post","type-post","status-publish","format-standard","hentry","category-noticias"],"_links":{"self":[{"href":"https:\/\/blogdorogeriogomes.com.br\/noticias\/wp-json\/wp\/v2\/posts\/14221","targetHints":{"allow":["GET"]}}],"collection":[{"href":"https:\/\/blogdorogeriogomes.com.br\/noticias\/wp-json\/wp\/v2\/posts"}],"about":[{"href":"https:\/\/blogdorogeriogomes.com.br\/noticias\/wp-json\/wp\/v2\/types\/post"}],"author":[{"embeddable":true,"href":"https:\/\/blogdorogeriogomes.com.br\/noticias\/wp-json\/wp\/v2\/users\/1"}],"replies":[{"embeddable":true,"href":"https:\/\/blogdorogeriogomes.com.br\/noticias\/wp-json\/wp\/v2\/comments?post=14221"}],"version-history":[{"count":1,"href":"https:\/\/blogdorogeriogomes.com.br\/noticias\/wp-json\/wp\/v2\/posts\/14221\/revisions"}],"predecessor-version":[{"id":14223,"href":"https:\/\/blogdorogeriogomes.com.br\/noticias\/wp-json\/wp\/v2\/posts\/14221\/revisions\/14223"}],"wp:attachment":[{"href":"https:\/\/blogdorogeriogomes.com.br\/noticias\/wp-json\/wp\/v2\/media?parent=14221"}],"wp:term":[{"taxonomy":"category","embeddable":true,"href":"https:\/\/blogdorogeriogomes.com.br\/noticias\/wp-json\/wp\/v2\/categories?post=14221"},{"taxonomy":"post_tag","embeddable":true,"href":"https:\/\/blogdorogeriogomes.com.br\/noticias\/wp-json\/wp\/v2\/tags?post=14221"}],"curies":[{"name":"wp","href":"https:\/\/api.w.org\/{rel}","templated":true}]}}