{"id":14224,"date":"2019-10-14T09:25:04","date_gmt":"2019-10-14T09:25:04","guid":{"rendered":"http:\/\/blogdorogeriogomes.com.br\/?p=14224"},"modified":"2019-10-14T09:25:04","modified_gmt":"2019-10-14T09:25:04","slug":"prefeitura-anuncia-projeto-de-requalificacao-de-quatro-corredores-turisticos-em-fortaleza","status":"publish","type":"post","link":"https:\/\/blogdorogeriogomes.com.br\/noticias\/2019\/10\/prefeitura-anuncia-projeto-de-requalificacao-de-quatro-corredores-turisticos-em-fortaleza\/","title":{"rendered":"Prefeitura anuncia projeto de requalifica\u00e7\u00e3o de quatro corredores tur\u00edsticos em Fortaleza"},"content":{"rendered":"<p><img loading=\"lazy\" decoding=\"async\" class=\"alignnone size-medium wp-image-14225\" src=\"http:\/\/blogdorogeriogomes.com.br\/wp-content\/uploads\/2019\/10\/IMG_20191014_062053_598-300x245.jpg\" alt=\"IMG_20191014_062053_598\" width=\"300\" height=\"245\" srcset=\"https:\/\/blogdorogeriogomes.com.br\/noticias\/wp-content\/uploads\/2019\/10\/IMG_20191014_062053_598-300x245.jpg 300w, https:\/\/blogdorogeriogomes.com.br\/noticias\/wp-content\/uploads\/2019\/10\/IMG_20191014_062053_598.jpg 554w\" sizes=\"auto, (max-width: 300px) 100vw, 300px\" \/><\/p>\n<p>A Prefeitura de Fortaleza anuncia, nesta segunda-feira, dia 14 de outubro, o projeto da nova avenida Desembargador Moreira. Tamb\u00e9m ser\u00e1 anunciada a requalifica\u00e7\u00e3o vi\u00e1ria dos corredores tur\u00edsticos, que prev\u00ea a interliga\u00e7\u00e3o da regi\u00e3o hoteleira da cidade com o Aeroporto Internacional Pinto Martins, desde a Av. Aboli\u00e7\u00e3o at\u00e9 a Av. Raul Barbosa, compreendendo os bairros Mucuripe, Meireles, Aldeota, Dion\u00edsio Torres, S\u00e3o Jo\u00e3o do Tauape e Aerol\u00e2ndia.<br \/>\nAo todo, quatro avenidas receber\u00e3o obras de urbaniza\u00e7\u00e3o e mobilidade: Aboli\u00e7\u00e3o, Desembargador Moreira, Dom Lu\u00eds e Raul Barbosa. As vias contempladas pelo projeto receber\u00e3o cerca de 11 km de nova pavimenta\u00e7\u00e3o (asfalto ou blocos de concreto), rampas de acessibilidade, nova sinaliza\u00e7\u00e3o, reforma do canteiro central, pavimento em concreto nos pontos de \u00f4nibus, cal\u00e7adas, nova ilumina\u00e7\u00e3o e paisagismo.<br \/>\nOr\u00e7adas em R$ 31,4 milh\u00f5es, as obras contam com recursos do Banco de Desenvolvimento da Am\u00e9rica Latina (CAF), Santander e Prefeitura de Fortaleza. As interven\u00e7\u00f5es ter\u00e3o dura\u00e7\u00e3o de 12 meses.<\/p>\n","protected":false},"excerpt":{"rendered":"<p>A Prefeitura de Fortaleza anuncia, nesta segunda-feira, dia 14 de outubro, o projeto da nova avenida Desembargador Moreira. Tamb\u00e9m ser\u00e1 anunciada a requalifica\u00e7\u00e3o vi\u00e1ria dos corredores tur\u00edsticos, que prev\u00ea a interliga\u00e7\u00e3o da regi\u00e3o hoteleira da cidade com o Aeroporto Internacional Pinto Martins, desde a Av. Aboli\u00e7\u00e3o at\u00e9 a Av. Raul Barbosa, compreendendo os bairros Mucuripe, Meireles, Aldeota, Dion\u00edsio Torres, S\u00e3o Jo\u00e3o do Tauape e Aerol\u00e2ndia. Ao todo, quatro avenidas receber\u00e3o obras de urbaniza\u00e7\u00e3o e mobilidade: Aboli\u00e7\u00e3o, Desembargador Moreira, Dom&hellip;<\/p>\n","protected":false},"author":1,"featured_media":0,"comment_status":"open","ping_status":"open","sticky":false,"template":"","format":"standard","meta":{"footnotes":""},"categories":[1],"tags":[],"class_list":["post-14224","post","type-post","status-publish","format-standard","hentry","category-noticias"],"_links":{"self":[{"href":"https:\/\/blogdorogeriogomes.com.br\/noticias\/wp-json\/wp\/v2\/posts\/14224","targetHints":{"allow":["GET"]}}],"collection":[{"href":"https:\/\/blogdorogeriogomes.com.br\/noticias\/wp-json\/wp\/v2\/posts"}],"about":[{"href":"https:\/\/blogdorogeriogomes.com.br\/noticias\/wp-json\/wp\/v2\/types\/post"}],"author":[{"embeddable":true,"href":"https:\/\/blogdorogeriogomes.com.br\/noticias\/wp-json\/wp\/v2\/users\/1"}],"replies":[{"embeddable":true,"href":"https:\/\/blogdorogeriogomes.com.br\/noticias\/wp-json\/wp\/v2\/comments?post=14224"}],"version-history":[{"count":1,"href":"https:\/\/blogdorogeriogomes.com.br\/noticias\/wp-json\/wp\/v2\/posts\/14224\/revisions"}],"predecessor-version":[{"id":14226,"href":"https:\/\/blogdorogeriogomes.com.br\/noticias\/wp-json\/wp\/v2\/posts\/14224\/revisions\/14226"}],"wp:attachment":[{"href":"https:\/\/blogdorogeriogomes.com.br\/noticias\/wp-json\/wp\/v2\/media?parent=14224"}],"wp:term":[{"taxonomy":"category","embeddable":true,"href":"https:\/\/blogdorogeriogomes.com.br\/noticias\/wp-json\/wp\/v2\/categories?post=14224"},{"taxonomy":"post_tag","embeddable":true,"href":"https:\/\/blogdorogeriogomes.com.br\/noticias\/wp-json\/wp\/v2\/tags?post=14224"}],"curies":[{"name":"wp","href":"https:\/\/api.w.org\/{rel}","templated":true}]}}