{"id":14229,"date":"2019-10-14T13:33:44","date_gmt":"2019-10-14T13:33:44","guid":{"rendered":"http:\/\/blogdorogeriogomes.com.br\/?p=14229"},"modified":"2019-10-14T13:33:44","modified_gmt":"2019-10-14T13:33:44","slug":"ministro-do-stf-determina-que-pf-investigue-ligacao-entre-rede-de-fake-news-pro-bolsonaro-e-ataques-a-corte","status":"publish","type":"post","link":"https:\/\/blogdorogeriogomes.com.br\/noticias\/2019\/10\/ministro-do-stf-determina-que-pf-investigue-ligacao-entre-rede-de-fake-news-pro-bolsonaro-e-ataques-a-corte\/","title":{"rendered":"Ministro do STF determina que PF investigue liga\u00e7\u00e3o entre rede de fake news pr\u00f3-Bolsonaro e ataques \u00e0 Corte"},"content":{"rendered":"<p><img loading=\"lazy\" decoding=\"async\" class=\"alignnone size-medium wp-image-14230\" src=\"http:\/\/blogdorogeriogomes.com.br\/wp-content\/uploads\/2019\/10\/IMG_20191014_102854_860-300x263.jpg\" alt=\"IMG_20191014_102854_860\" width=\"300\" height=\"263\" srcset=\"https:\/\/blogdorogeriogomes.com.br\/noticias\/wp-content\/uploads\/2019\/10\/IMG_20191014_102854_860-300x263.jpg 300w, https:\/\/blogdorogeriogomes.com.br\/noticias\/wp-content\/uploads\/2019\/10\/IMG_20191014_102854_860.jpg 410w\" sizes=\"auto, (max-width: 300px) 100vw, 300px\" \/><\/p>\n<p>O ministro do Supremo Tribunal Federal (STF) Alexandre de Moraes determinou que a Pol\u00edcia Federal investigue a rela\u00e7\u00e3o entre uma rede de mensagens de WhatsApp favor\u00e1veis a Jair Bolsonaro e os ataques sofridos pelos ministros da Corte na internet. O WhatsApp cancelou ao menos 1,5 milh\u00e3o de contas de usu\u00e1rios brasileiros desde as elei\u00e7\u00f5es passadas por uso de rob\u00f4s, disparo em massa de mensagens e dissemina\u00e7\u00e3o de fake news.<br \/>\nO pedido foi feito dentro do chamado &#8220;inqu\u00e9rito das fake news&#8221;, aberto pelo pr\u00f3prio tribunal sob o comando do ministro Alexandre de Moraes. Muitas linhas telef\u00f4nicas usadas nos disparos durante as elei\u00e7\u00f5es s\u00e3o usadas hoje em dia para administrar grupos p\u00fablicos de WhatsApp a favor do governo Bolsonaro.<br \/>\nRecentemente, o gerente de pol\u00edticas p\u00fablicas e elei\u00e7\u00f5es globais do WhatsApp, Ben Supple, confessou publicamente os disparos em massa ilegais nas elei\u00e7\u00f5es do Brasil.<\/p>\n","protected":false},"excerpt":{"rendered":"<p>O ministro do Supremo Tribunal Federal (STF) Alexandre de Moraes determinou que a Pol\u00edcia Federal investigue a rela\u00e7\u00e3o entre uma rede de mensagens de WhatsApp favor\u00e1veis a Jair Bolsonaro e os ataques sofridos pelos ministros da Corte na internet. O WhatsApp cancelou ao menos 1,5 milh\u00e3o de contas de usu\u00e1rios brasileiros desde as elei\u00e7\u00f5es passadas por uso de rob\u00f4s, disparo em massa de mensagens e dissemina\u00e7\u00e3o de fake news. O pedido foi feito dentro do chamado &#8220;inqu\u00e9rito das fake&hellip;<\/p>\n","protected":false},"author":1,"featured_media":0,"comment_status":"open","ping_status":"open","sticky":false,"template":"","format":"standard","meta":{"footnotes":""},"categories":[1],"tags":[],"class_list":["post-14229","post","type-post","status-publish","format-standard","hentry","category-noticias"],"_links":{"self":[{"href":"https:\/\/blogdorogeriogomes.com.br\/noticias\/wp-json\/wp\/v2\/posts\/14229","targetHints":{"allow":["GET"]}}],"collection":[{"href":"https:\/\/blogdorogeriogomes.com.br\/noticias\/wp-json\/wp\/v2\/posts"}],"about":[{"href":"https:\/\/blogdorogeriogomes.com.br\/noticias\/wp-json\/wp\/v2\/types\/post"}],"author":[{"embeddable":true,"href":"https:\/\/blogdorogeriogomes.com.br\/noticias\/wp-json\/wp\/v2\/users\/1"}],"replies":[{"embeddable":true,"href":"https:\/\/blogdorogeriogomes.com.br\/noticias\/wp-json\/wp\/v2\/comments?post=14229"}],"version-history":[{"count":1,"href":"https:\/\/blogdorogeriogomes.com.br\/noticias\/wp-json\/wp\/v2\/posts\/14229\/revisions"}],"predecessor-version":[{"id":14231,"href":"https:\/\/blogdorogeriogomes.com.br\/noticias\/wp-json\/wp\/v2\/posts\/14229\/revisions\/14231"}],"wp:attachment":[{"href":"https:\/\/blogdorogeriogomes.com.br\/noticias\/wp-json\/wp\/v2\/media?parent=14229"}],"wp:term":[{"taxonomy":"category","embeddable":true,"href":"https:\/\/blogdorogeriogomes.com.br\/noticias\/wp-json\/wp\/v2\/categories?post=14229"},{"taxonomy":"post_tag","embeddable":true,"href":"https:\/\/blogdorogeriogomes.com.br\/noticias\/wp-json\/wp\/v2\/tags?post=14229"}],"curies":[{"name":"wp","href":"https:\/\/api.w.org\/{rel}","templated":true}]}}