{"id":14232,"date":"2019-10-14T21:08:30","date_gmt":"2019-10-14T21:08:30","guid":{"rendered":"http:\/\/blogdorogeriogomes.com.br\/?p=14232"},"modified":"2019-10-14T21:08:30","modified_gmt":"2019-10-14T21:08:30","slug":"stf-julga-prisao-em-segunda-instancia-na-proxima-quinta-feira","status":"publish","type":"post","link":"https:\/\/blogdorogeriogomes.com.br\/noticias\/2019\/10\/stf-julga-prisao-em-segunda-instancia-na-proxima-quinta-feira\/","title":{"rendered":"STF julga pris\u00e3o em segunda inst\u00e2ncia na pr\u00f3xima quinta-feira"},"content":{"rendered":"<p><img loading=\"lazy\" decoding=\"async\" class=\"alignnone size-medium wp-image-14233\" src=\"http:\/\/blogdorogeriogomes.com.br\/wp-content\/uploads\/2019\/10\/IMG_20191014_180431_453-300x262.jpg\" alt=\"IMG_20191014_180431_453\" width=\"300\" height=\"262\" srcset=\"https:\/\/blogdorogeriogomes.com.br\/noticias\/wp-content\/uploads\/2019\/10\/IMG_20191014_180431_453-300x262.jpg 300w, https:\/\/blogdorogeriogomes.com.br\/noticias\/wp-content\/uploads\/2019\/10\/IMG_20191014_180431_453.jpg 517w\" sizes=\"auto, (max-width: 300px) 100vw, 300px\" \/><\/p>\n<p>Ap\u00f3s in\u00fameros adiamentos, o presidente do Supremo Tribunal Federal, Dias Toffoli, decidiu marcar para a pr\u00f3xima quinta-feira, dia 17 de outubro, o julgamento sobre a pris\u00e3o em segunda inst\u00e2ncia, o que pode beneficiar o ex-presidente Lula. O julgamento ser\u00e1 o primeiro de uma sequ\u00eancia que atinge diretamente a Lava Jato.<br \/>\nNa pauta do STF, at\u00e9 o fim do ano, ainda est\u00e3o a suspei\u00e7\u00e3o do ex-juiz Sergio Moro, o fim das investiga\u00e7\u00f5es ilegais da Receita Federal e Coaf e as condena\u00e7\u00f5es da Lava Jato em processos nos quais a acusa\u00e7\u00e3o teve a \u00faltima palavra.<br \/>\nNesta segunda-feira, dia 14, o ministro Marco Aur\u00e9lio Mello, disse que os integrantes da Corte n\u00e3o s\u00e3o \u201cjusticeiros\u201d, mas \u201cdefensores da Constitui\u00e7\u00e3o\u201d. Marco Aur\u00e9lio \u00e9 relator da mat\u00e9ria e avalia que \u201cj\u00e1 passou da hora de liquidar isso. Eu devolvi os processos (para julgamento) em dezembro de 2017. Se tiv\u00e9ssemos resolvido naquela \u00e9poca, n\u00e3o haveria tanta celeuma\u201d.<\/p>\n","protected":false},"excerpt":{"rendered":"<p>Ap\u00f3s in\u00fameros adiamentos, o presidente do Supremo Tribunal Federal, Dias Toffoli, decidiu marcar para a pr\u00f3xima quinta-feira, dia 17 de outubro, o julgamento sobre a pris\u00e3o em segunda inst\u00e2ncia, o que pode beneficiar o ex-presidente Lula. O julgamento ser\u00e1 o primeiro de uma sequ\u00eancia que atinge diretamente a Lava Jato. Na pauta do STF, at\u00e9 o fim do ano, ainda est\u00e3o a suspei\u00e7\u00e3o do ex-juiz Sergio Moro, o fim das investiga\u00e7\u00f5es ilegais da Receita Federal e Coaf e as&hellip;<\/p>\n","protected":false},"author":1,"featured_media":0,"comment_status":"open","ping_status":"open","sticky":false,"template":"","format":"standard","meta":{"footnotes":""},"categories":[1],"tags":[],"class_list":["post-14232","post","type-post","status-publish","format-standard","hentry","category-noticias"],"_links":{"self":[{"href":"https:\/\/blogdorogeriogomes.com.br\/noticias\/wp-json\/wp\/v2\/posts\/14232","targetHints":{"allow":["GET"]}}],"collection":[{"href":"https:\/\/blogdorogeriogomes.com.br\/noticias\/wp-json\/wp\/v2\/posts"}],"about":[{"href":"https:\/\/blogdorogeriogomes.com.br\/noticias\/wp-json\/wp\/v2\/types\/post"}],"author":[{"embeddable":true,"href":"https:\/\/blogdorogeriogomes.com.br\/noticias\/wp-json\/wp\/v2\/users\/1"}],"replies":[{"embeddable":true,"href":"https:\/\/blogdorogeriogomes.com.br\/noticias\/wp-json\/wp\/v2\/comments?post=14232"}],"version-history":[{"count":1,"href":"https:\/\/blogdorogeriogomes.com.br\/noticias\/wp-json\/wp\/v2\/posts\/14232\/revisions"}],"predecessor-version":[{"id":14234,"href":"https:\/\/blogdorogeriogomes.com.br\/noticias\/wp-json\/wp\/v2\/posts\/14232\/revisions\/14234"}],"wp:attachment":[{"href":"https:\/\/blogdorogeriogomes.com.br\/noticias\/wp-json\/wp\/v2\/media?parent=14232"}],"wp:term":[{"taxonomy":"category","embeddable":true,"href":"https:\/\/blogdorogeriogomes.com.br\/noticias\/wp-json\/wp\/v2\/categories?post=14232"},{"taxonomy":"post_tag","embeddable":true,"href":"https:\/\/blogdorogeriogomes.com.br\/noticias\/wp-json\/wp\/v2\/tags?post=14232"}],"curies":[{"name":"wp","href":"https:\/\/api.w.org\/{rel}","templated":true}]}}