{"id":14245,"date":"2019-10-15T23:18:53","date_gmt":"2019-10-15T23:18:53","guid":{"rendered":"http:\/\/blogdorogeriogomes.com.br\/?p=14245"},"modified":"2019-10-15T23:18:53","modified_gmt":"2019-10-15T23:18:53","slug":"busca-por-sobreviventes-continua-durante-a-noite-no-predio-que-desabou-em-fortaleza","status":"publish","type":"post","link":"https:\/\/blogdorogeriogomes.com.br\/noticias\/2019\/10\/busca-por-sobreviventes-continua-durante-a-noite-no-predio-que-desabou-em-fortaleza\/","title":{"rendered":"Busca por sobreviventes continua durante \u00e0 noite no pr\u00e9dio que desabou em Fortaleza"},"content":{"rendered":"<p><img loading=\"lazy\" decoding=\"async\" class=\"alignnone size-medium wp-image-14246\" src=\"http:\/\/blogdorogeriogomes.com.br\/wp-content\/uploads\/2019\/10\/IMG_20191015_201348_502-300x233.jpg\" alt=\"IMG_20191015_201348_502\" width=\"300\" height=\"233\" srcset=\"https:\/\/blogdorogeriogomes.com.br\/noticias\/wp-content\/uploads\/2019\/10\/IMG_20191015_201348_502-300x233.jpg 300w, https:\/\/blogdorogeriogomes.com.br\/noticias\/wp-content\/uploads\/2019\/10\/IMG_20191015_201348_502-768x596.jpg 768w, https:\/\/blogdorogeriogomes.com.br\/noticias\/wp-content\/uploads\/2019\/10\/IMG_20191015_201348_502-1024x794.jpg 1024w, https:\/\/blogdorogeriogomes.com.br\/noticias\/wp-content\/uploads\/2019\/10\/IMG_20191015_201348_502.jpg 1337w\" sizes=\"auto, (max-width: 300px) 100vw, 300px\" \/><\/p>\n<p>Ao contr\u00e1rio do que Corpo de Bombeiros e o Samu tinham informado no in\u00edcio da opera\u00e7\u00e3o de resgate de v\u00edtimas no fim da manh\u00e3 desta ter\u00e7a-feira, nenhuma pessoa tinha morrido no desabamento do pr\u00e9dio, localizado no bairro Dion\u00edsio Torres, em Fortaleza. A informa\u00e7\u00e3o foi repassada pelo governador do Cear\u00e1, Camilo Santana, no in\u00edcio da noite, ap\u00f3s vistoria nos escombros.<br \/>\nAt\u00e9 \u00e0s 20 horas de ter\u00e7a-feira, nove pessoas tinham sido resgatadas e nove estavam desaparecidas. \u201cA determina\u00e7\u00e3o \u00e9 24 horas trabalhando para identificar e encontrar essas nove pessoas\u201d, disse Camilo, que estava acompanhado do prefeito de Fortaleza, Roberto Cl\u00e1udio. Os trabalhos de resgate continuam no local de forma ininterrupta<\/p>\n","protected":false},"excerpt":{"rendered":"<p>Ao contr\u00e1rio do que Corpo de Bombeiros e o Samu tinham informado no in\u00edcio da opera\u00e7\u00e3o de resgate de v\u00edtimas no fim da manh\u00e3 desta ter\u00e7a-feira, nenhuma pessoa tinha morrido no desabamento do pr\u00e9dio, localizado no bairro Dion\u00edsio Torres, em Fortaleza. A informa\u00e7\u00e3o foi repassada pelo governador do Cear\u00e1, Camilo Santana, no in\u00edcio da noite, ap\u00f3s vistoria nos escombros. At\u00e9 \u00e0s 20 horas de ter\u00e7a-feira, nove pessoas tinham sido resgatadas e nove estavam desaparecidas. \u201cA determina\u00e7\u00e3o \u00e9 24 horas&hellip;<\/p>\n","protected":false},"author":1,"featured_media":0,"comment_status":"open","ping_status":"open","sticky":false,"template":"","format":"standard","meta":{"footnotes":""},"categories":[1],"tags":[],"class_list":["post-14245","post","type-post","status-publish","format-standard","hentry","category-noticias"],"_links":{"self":[{"href":"https:\/\/blogdorogeriogomes.com.br\/noticias\/wp-json\/wp\/v2\/posts\/14245","targetHints":{"allow":["GET"]}}],"collection":[{"href":"https:\/\/blogdorogeriogomes.com.br\/noticias\/wp-json\/wp\/v2\/posts"}],"about":[{"href":"https:\/\/blogdorogeriogomes.com.br\/noticias\/wp-json\/wp\/v2\/types\/post"}],"author":[{"embeddable":true,"href":"https:\/\/blogdorogeriogomes.com.br\/noticias\/wp-json\/wp\/v2\/users\/1"}],"replies":[{"embeddable":true,"href":"https:\/\/blogdorogeriogomes.com.br\/noticias\/wp-json\/wp\/v2\/comments?post=14245"}],"version-history":[{"count":1,"href":"https:\/\/blogdorogeriogomes.com.br\/noticias\/wp-json\/wp\/v2\/posts\/14245\/revisions"}],"predecessor-version":[{"id":14247,"href":"https:\/\/blogdorogeriogomes.com.br\/noticias\/wp-json\/wp\/v2\/posts\/14245\/revisions\/14247"}],"wp:attachment":[{"href":"https:\/\/blogdorogeriogomes.com.br\/noticias\/wp-json\/wp\/v2\/media?parent=14245"}],"wp:term":[{"taxonomy":"category","embeddable":true,"href":"https:\/\/blogdorogeriogomes.com.br\/noticias\/wp-json\/wp\/v2\/categories?post=14245"},{"taxonomy":"post_tag","embeddable":true,"href":"https:\/\/blogdorogeriogomes.com.br\/noticias\/wp-json\/wp\/v2\/tags?post=14245"}],"curies":[{"name":"wp","href":"https:\/\/api.w.org\/{rel}","templated":true}]}}