{"id":14248,"date":"2019-10-15T23:36:35","date_gmt":"2019-10-15T23:36:35","guid":{"rendered":"http:\/\/blogdorogeriogomes.com.br\/?p=14248"},"modified":"2019-10-15T23:36:35","modified_gmt":"2019-10-15T23:36:35","slug":"carlos-lupi-diz-que-tabata-amaral-pode-sair-do-pdt-e-assumir-que-esta-indo-para-a-direita","status":"publish","type":"post","link":"https:\/\/blogdorogeriogomes.com.br\/noticias\/2019\/10\/carlos-lupi-diz-que-tabata-amaral-pode-sair-do-pdt-e-assumir-que-esta-indo-para-a-direita\/","title":{"rendered":"Carlos Lupi diz que Tabata Amaral pode sair do PDT e assumir que est\u00e1 indo para a direita"},"content":{"rendered":"<p><img loading=\"lazy\" decoding=\"async\" class=\"alignnone size-medium wp-image-14249\" src=\"http:\/\/blogdorogeriogomes.com.br\/wp-content\/uploads\/2019\/10\/IMG_20191015_203106_389-300x175.jpg\" alt=\"IMG_20191015_203106_389\" width=\"300\" height=\"175\" srcset=\"https:\/\/blogdorogeriogomes.com.br\/noticias\/wp-content\/uploads\/2019\/10\/IMG_20191015_203106_389-300x175.jpg 300w, https:\/\/blogdorogeriogomes.com.br\/noticias\/wp-content\/uploads\/2019\/10\/IMG_20191015_203106_389.jpg 660w\" sizes=\"auto, (max-width: 300px) 100vw, 300px\" \/><\/p>\n<p>O presidente do PDT, Carlos Lupi, afirmou nesta ter\u00e7a-feira, dia 15 de outubro, que n\u00e3o ficou surpreso com a revela\u00e7\u00e3o da deputada federal Tabata Amaral (SP) de que iria pedir desligamento do partido, sem avisar \u00e0 sigla. De acordo com o dirigente, a parlamentar votou contra o trabalhador na Reforma da Previd\u00eancia e tem que assumir que est\u00e1 indo para a direita.<br \/>\nSete deputados do PSB e do PDT, que decidiram entrar na Justi\u00e7a Eleitoral para sa\u00edrem de seus partidos sem perderem os mandatos, argumentam que sofrem persegui\u00e7\u00e3o desproporcional por terem votado a favor da reforma da Previd\u00eancia.<br \/>\nAl\u00e9m de Tabata Amaral, tamb\u00e9m reivindicam os deputados do PDT Marlon Santos (RS), Fl\u00e1vio Nogueira (PI) e Gil Cutrim (MA) e os deputados do PSB Rodrigo Coelho (SC), Jefferson Campos (SP) e Felipe Rigoni (ES).<\/p>\n","protected":false},"excerpt":{"rendered":"<p>O presidente do PDT, Carlos Lupi, afirmou nesta ter\u00e7a-feira, dia 15 de outubro, que n\u00e3o ficou surpreso com a revela\u00e7\u00e3o da deputada federal Tabata Amaral (SP) de que iria pedir desligamento do partido, sem avisar \u00e0 sigla. De acordo com o dirigente, a parlamentar votou contra o trabalhador na Reforma da Previd\u00eancia e tem que assumir que est\u00e1 indo para a direita. Sete deputados do PSB e do PDT, que decidiram entrar na Justi\u00e7a Eleitoral para sa\u00edrem de seus&hellip;<\/p>\n","protected":false},"author":1,"featured_media":0,"comment_status":"open","ping_status":"open","sticky":false,"template":"","format":"standard","meta":{"footnotes":""},"categories":[1],"tags":[],"class_list":["post-14248","post","type-post","status-publish","format-standard","hentry","category-noticias"],"_links":{"self":[{"href":"https:\/\/blogdorogeriogomes.com.br\/noticias\/wp-json\/wp\/v2\/posts\/14248","targetHints":{"allow":["GET"]}}],"collection":[{"href":"https:\/\/blogdorogeriogomes.com.br\/noticias\/wp-json\/wp\/v2\/posts"}],"about":[{"href":"https:\/\/blogdorogeriogomes.com.br\/noticias\/wp-json\/wp\/v2\/types\/post"}],"author":[{"embeddable":true,"href":"https:\/\/blogdorogeriogomes.com.br\/noticias\/wp-json\/wp\/v2\/users\/1"}],"replies":[{"embeddable":true,"href":"https:\/\/blogdorogeriogomes.com.br\/noticias\/wp-json\/wp\/v2\/comments?post=14248"}],"version-history":[{"count":1,"href":"https:\/\/blogdorogeriogomes.com.br\/noticias\/wp-json\/wp\/v2\/posts\/14248\/revisions"}],"predecessor-version":[{"id":14250,"href":"https:\/\/blogdorogeriogomes.com.br\/noticias\/wp-json\/wp\/v2\/posts\/14248\/revisions\/14250"}],"wp:attachment":[{"href":"https:\/\/blogdorogeriogomes.com.br\/noticias\/wp-json\/wp\/v2\/media?parent=14248"}],"wp:term":[{"taxonomy":"category","embeddable":true,"href":"https:\/\/blogdorogeriogomes.com.br\/noticias\/wp-json\/wp\/v2\/categories?post=14248"},{"taxonomy":"post_tag","embeddable":true,"href":"https:\/\/blogdorogeriogomes.com.br\/noticias\/wp-json\/wp\/v2\/tags?post=14248"}],"curies":[{"name":"wp","href":"https:\/\/api.w.org\/{rel}","templated":true}]}}