{"id":14251,"date":"2019-10-16T08:39:00","date_gmt":"2019-10-16T08:39:00","guid":{"rendered":"http:\/\/blogdorogeriogomes.com.br\/?p=14251"},"modified":"2019-10-16T08:39:00","modified_gmt":"2019-10-16T08:39:00","slug":"parlamentares-cearenses-fecham-acordo-para-distribuicao-de-recursos-de-emendas-no-congresso","status":"publish","type":"post","link":"https:\/\/blogdorogeriogomes.com.br\/noticias\/2019\/10\/parlamentares-cearenses-fecham-acordo-para-distribuicao-de-recursos-de-emendas-no-congresso\/","title":{"rendered":"Parlamentares cearenses fecham acordo para distribui\u00e7\u00e3o de recursos de emendas no Congresso"},"content":{"rendered":"<p><img loading=\"lazy\" decoding=\"async\" class=\"alignnone size-medium wp-image-14252\" src=\"http:\/\/blogdorogeriogomes.com.br\/wp-content\/uploads\/2019\/10\/IMG_20191016_053501_853-300x176.jpg\" alt=\"IMG_20191016_053501_853\" width=\"300\" height=\"176\" srcset=\"https:\/\/blogdorogeriogomes.com.br\/noticias\/wp-content\/uploads\/2019\/10\/IMG_20191016_053501_853-300x176.jpg 300w, https:\/\/blogdorogeriogomes.com.br\/noticias\/wp-content\/uploads\/2019\/10\/IMG_20191016_053501_853.jpg 384w\" sizes=\"auto, (max-width: 300px) 100vw, 300px\" \/><\/p>\n<p>Em meio aos impasses sobre a distribui\u00e7\u00e3o de R$ 248 milh\u00f5es das chamadas emendas impositivas de bancada, deputados federais e senadores cearenses podem ter chegado a um acordo, nesta ter\u00e7a-feira, dia 15 de outubro, em Bras\u00edlia.<br \/>\nNa terceira reuni\u00e3o da bancada cearense para discutir a destina\u00e7\u00e3o da verba, os parlamentares conseguiram um acordo para atender \u00e0s demandas do governador Camilo Santana. Eles ir\u00e3o destinar mais de R$ 120 milh\u00f5es ao Governo Estadual para a constru\u00e7\u00e3o do hospital da Universidade Estadual do Cear\u00e1 (Uece) e de um centro integrado de seguran\u00e7a, como era pleiteado pelo chefe do Executo Estadual.<\/p>\n","protected":false},"excerpt":{"rendered":"<p>Em meio aos impasses sobre a distribui\u00e7\u00e3o de R$ 248 milh\u00f5es das chamadas emendas impositivas de bancada, deputados federais e senadores cearenses podem ter chegado a um acordo, nesta ter\u00e7a-feira, dia 15 de outubro, em Bras\u00edlia. Na terceira reuni\u00e3o da bancada cearense para discutir a destina\u00e7\u00e3o da verba, os parlamentares conseguiram um acordo para atender \u00e0s demandas do governador Camilo Santana. Eles ir\u00e3o destinar mais de R$ 120 milh\u00f5es ao Governo Estadual para a constru\u00e7\u00e3o do hospital da Universidade&hellip;<\/p>\n","protected":false},"author":1,"featured_media":0,"comment_status":"open","ping_status":"open","sticky":false,"template":"","format":"standard","meta":{"footnotes":""},"categories":[1],"tags":[],"class_list":["post-14251","post","type-post","status-publish","format-standard","hentry","category-noticias"],"_links":{"self":[{"href":"https:\/\/blogdorogeriogomes.com.br\/noticias\/wp-json\/wp\/v2\/posts\/14251","targetHints":{"allow":["GET"]}}],"collection":[{"href":"https:\/\/blogdorogeriogomes.com.br\/noticias\/wp-json\/wp\/v2\/posts"}],"about":[{"href":"https:\/\/blogdorogeriogomes.com.br\/noticias\/wp-json\/wp\/v2\/types\/post"}],"author":[{"embeddable":true,"href":"https:\/\/blogdorogeriogomes.com.br\/noticias\/wp-json\/wp\/v2\/users\/1"}],"replies":[{"embeddable":true,"href":"https:\/\/blogdorogeriogomes.com.br\/noticias\/wp-json\/wp\/v2\/comments?post=14251"}],"version-history":[{"count":1,"href":"https:\/\/blogdorogeriogomes.com.br\/noticias\/wp-json\/wp\/v2\/posts\/14251\/revisions"}],"predecessor-version":[{"id":14253,"href":"https:\/\/blogdorogeriogomes.com.br\/noticias\/wp-json\/wp\/v2\/posts\/14251\/revisions\/14253"}],"wp:attachment":[{"href":"https:\/\/blogdorogeriogomes.com.br\/noticias\/wp-json\/wp\/v2\/media?parent=14251"}],"wp:term":[{"taxonomy":"category","embeddable":true,"href":"https:\/\/blogdorogeriogomes.com.br\/noticias\/wp-json\/wp\/v2\/categories?post=14251"},{"taxonomy":"post_tag","embeddable":true,"href":"https:\/\/blogdorogeriogomes.com.br\/noticias\/wp-json\/wp\/v2\/tags?post=14251"}],"curies":[{"name":"wp","href":"https:\/\/api.w.org\/{rel}","templated":true}]}}