{"id":14260,"date":"2019-10-16T22:37:26","date_gmt":"2019-10-16T22:37:26","guid":{"rendered":"http:\/\/blogdorogeriogomes.com.br\/?p=14260"},"modified":"2019-10-16T22:37:26","modified_gmt":"2019-10-16T22:37:26","slug":"stf-inicia-discussao-sobre-prisao-em-segunda-instancia-mas-so-vota-na-semana-que-vem","status":"publish","type":"post","link":"https:\/\/blogdorogeriogomes.com.br\/noticias\/2019\/10\/stf-inicia-discussao-sobre-prisao-em-segunda-instancia-mas-so-vota-na-semana-que-vem\/","title":{"rendered":"STF inicia discuss\u00e3o sobre pris\u00e3o em segunda inst\u00e2ncia, mas s\u00f3 vota na semana que vem"},"content":{"rendered":"<p><img loading=\"lazy\" decoding=\"async\" class=\"alignnone size-medium wp-image-14261\" src=\"http:\/\/blogdorogeriogomes.com.br\/wp-content\/uploads\/2019\/10\/IMG_20191016_192909_032-300x264.jpg\" alt=\"IMG_20191016_192909_032\" width=\"300\" height=\"264\" srcset=\"https:\/\/blogdorogeriogomes.com.br\/noticias\/wp-content\/uploads\/2019\/10\/IMG_20191016_192909_032-300x264.jpg 300w, https:\/\/blogdorogeriogomes.com.br\/noticias\/wp-content\/uploads\/2019\/10\/IMG_20191016_192909_032-768x676.jpg 768w, https:\/\/blogdorogeriogomes.com.br\/noticias\/wp-content\/uploads\/2019\/10\/IMG_20191016_192909_032.jpg 864w\" sizes=\"auto, (max-width: 300px) 100vw, 300px\" \/><\/p>\n<p>Para quem acha que o STF j\u00e1 dever\u00e1 decidir nesta quinta-feira, dia 17 de outubro, sobre a pris\u00e3o em segunda inst\u00e2ncia, um aviso: o presidente do Supremo Tribunal Federal, ministro Dias Toffoli, afirmou que a sess\u00e3o desta quinta sobre a pris\u00e3o de condenados em segunda inst\u00e2ncia n\u00e3o ter\u00e1 os votos propriamente ditos. Os votos dever\u00e3o se iniciar apenas na sess\u00e3o extraordin\u00e1ria, j\u00e1 previamente convocada, para quarta-feira, dia 23.<br \/>\nA decis\u00e3o pode resultar na libera\u00e7\u00e3o de condenados na Lava Jato, como o ex-presidente Lula. De acordo com Dias Toffoli, nesta quinta-feira, a Corte far\u00e1 a leitura do relat\u00f3rio do ministro Marco Aur\u00e9lio, relator de tr\u00eas a\u00e7\u00f5es sobre o tema, e ouvir\u00e1 manifesta\u00e7\u00f5es de advogados que atuam no processo.<\/p>\n","protected":false},"excerpt":{"rendered":"<p>Para quem acha que o STF j\u00e1 dever\u00e1 decidir nesta quinta-feira, dia 17 de outubro, sobre a pris\u00e3o em segunda inst\u00e2ncia, um aviso: o presidente do Supremo Tribunal Federal, ministro Dias Toffoli, afirmou que a sess\u00e3o desta quinta sobre a pris\u00e3o de condenados em segunda inst\u00e2ncia n\u00e3o ter\u00e1 os votos propriamente ditos. Os votos dever\u00e3o se iniciar apenas na sess\u00e3o extraordin\u00e1ria, j\u00e1 previamente convocada, para quarta-feira, dia 23. A decis\u00e3o pode resultar na libera\u00e7\u00e3o de condenados na Lava Jato,&hellip;<\/p>\n","protected":false},"author":1,"featured_media":0,"comment_status":"open","ping_status":"open","sticky":false,"template":"","format":"standard","meta":{"footnotes":""},"categories":[1],"tags":[],"class_list":["post-14260","post","type-post","status-publish","format-standard","hentry","category-noticias"],"_links":{"self":[{"href":"https:\/\/blogdorogeriogomes.com.br\/noticias\/wp-json\/wp\/v2\/posts\/14260","targetHints":{"allow":["GET"]}}],"collection":[{"href":"https:\/\/blogdorogeriogomes.com.br\/noticias\/wp-json\/wp\/v2\/posts"}],"about":[{"href":"https:\/\/blogdorogeriogomes.com.br\/noticias\/wp-json\/wp\/v2\/types\/post"}],"author":[{"embeddable":true,"href":"https:\/\/blogdorogeriogomes.com.br\/noticias\/wp-json\/wp\/v2\/users\/1"}],"replies":[{"embeddable":true,"href":"https:\/\/blogdorogeriogomes.com.br\/noticias\/wp-json\/wp\/v2\/comments?post=14260"}],"version-history":[{"count":1,"href":"https:\/\/blogdorogeriogomes.com.br\/noticias\/wp-json\/wp\/v2\/posts\/14260\/revisions"}],"predecessor-version":[{"id":14262,"href":"https:\/\/blogdorogeriogomes.com.br\/noticias\/wp-json\/wp\/v2\/posts\/14260\/revisions\/14262"}],"wp:attachment":[{"href":"https:\/\/blogdorogeriogomes.com.br\/noticias\/wp-json\/wp\/v2\/media?parent=14260"}],"wp:term":[{"taxonomy":"category","embeddable":true,"href":"https:\/\/blogdorogeriogomes.com.br\/noticias\/wp-json\/wp\/v2\/categories?post=14260"},{"taxonomy":"post_tag","embeddable":true,"href":"https:\/\/blogdorogeriogomes.com.br\/noticias\/wp-json\/wp\/v2\/tags?post=14260"}],"curies":[{"name":"wp","href":"https:\/\/api.w.org\/{rel}","templated":true}]}}