{"id":14276,"date":"2019-10-17T21:01:41","date_gmt":"2019-10-17T21:01:41","guid":{"rendered":"http:\/\/blogdorogeriogomes.com.br\/?p=14276"},"modified":"2019-10-17T21:01:41","modified_gmt":"2019-10-17T21:01:41","slug":"deputado-estadual-andre-fernandes-acusa-deputado-federal-heitor-freire-de-vazar-conversa-de-bolsonaro","status":"publish","type":"post","link":"https:\/\/blogdorogeriogomes.com.br\/noticias\/2019\/10\/deputado-estadual-andre-fernandes-acusa-deputado-federal-heitor-freire-de-vazar-conversa-de-bolsonaro\/","title":{"rendered":"Deputado estadual Andr\u00e9 Fernandes acusa deputado federal Heitor Freire de vazar conversa de Bolsonaro"},"content":{"rendered":"<p><img loading=\"lazy\" decoding=\"async\" class=\"alignnone size-medium wp-image-14278\" src=\"http:\/\/blogdorogeriogomes.com.br\/wp-content\/uploads\/2019\/10\/IMG_20191017_175831_077-300x184.jpg\" alt=\"IMG_20191017_175831_077\" width=\"300\" height=\"184\" srcset=\"https:\/\/blogdorogeriogomes.com.br\/noticias\/wp-content\/uploads\/2019\/10\/IMG_20191017_175831_077-300x184.jpg 300w, https:\/\/blogdorogeriogomes.com.br\/noticias\/wp-content\/uploads\/2019\/10\/IMG_20191017_175831_077.jpg 688w\" sizes=\"auto, (max-width: 300px) 100vw, 300px\" \/><\/p>\n<p>A crise interna do PSL ganha novo cap\u00edtulo, agora envolvendo parlamentares cearenses. O deputado estadual Andr\u00e9 Fernandes acusa do deputado federal Heitor Freire, que preside o partido no Cear\u00e1, de ser o respons\u00e1vel pelo vazamento \u00e0 imprensa da conversa gravada, na qual o presidente Jair Bolsonaro solicitava apoio para derrubada do Delegado Waldir da lideran\u00e7a do PSL na C\u00e2mara dos Deputados.<br \/>\nDe acordo com a acusa\u00e7\u00e3o de Andr\u00e9 Fernandes, Heitor Freire estaria alinhado ao presidente nacional da sigla, Luciano Bivar, que entrou em rota de colis\u00e3o com Bolsonaro. Em uma grava\u00e7\u00e3o que circula nas redes sociais, Andr\u00e9 Fernandes chama Heitor Freire de \u201ctraidor de Bolsonaro\u201d e cobra que o deputado federal seja processado por grampear o Presidente da Rep\u00fablica.<br \/>\nDesde que as acusa\u00e7\u00f5es de Fernandes chegaram para a imprensa, nesta quinta-feira, dia 17 de outubro, as redes sociais de Heitor Freire foram desativadas. Sobre o vazamento da conversa, Bolsonaro disse: &#8220;Eu n\u00e3o trato publicamente deste assunto. Converso individualmente. Se algu\u00e9m grampeou telefone, primeiro \u00e9 uma desonestidade&#8221;.<br \/>\nDe quebra, o presidente Bolsonaro resolveu retirar a deputada federal Joice Hasselmann (PSL-SP) da lideran\u00e7a do governo no Congresso. Seu substituto no cargo ser\u00e1 o senador Eduardo Gomes (MDB-TO).<br \/>\nJ\u00e1 o presidente nacional do PSL, deputado Luciano Bivar, destituiu, nesta quinta-feira, o senador Fl\u00e1vio Bolsonaro e o deputado Eduardo Bolsonaro, filhos de Bolsonaro, das presid\u00eancias estaduais do PSL no Rio de Janeiro e em S\u00e3o Paulo, respectivamente.<\/p>\n","protected":false},"excerpt":{"rendered":"<p>A crise interna do PSL ganha novo cap\u00edtulo, agora envolvendo parlamentares cearenses. O deputado estadual Andr\u00e9 Fernandes acusa do deputado federal Heitor Freire, que preside o partido no Cear\u00e1, de ser o respons\u00e1vel pelo vazamento \u00e0 imprensa da conversa gravada, na qual o presidente Jair Bolsonaro solicitava apoio para derrubada do Delegado Waldir da lideran\u00e7a do PSL na C\u00e2mara dos Deputados. De acordo com a acusa\u00e7\u00e3o de Andr\u00e9 Fernandes, Heitor Freire estaria alinhado ao presidente nacional da sigla, Luciano&hellip;<\/p>\n","protected":false},"author":1,"featured_media":0,"comment_status":"open","ping_status":"open","sticky":false,"template":"","format":"standard","meta":{"footnotes":""},"categories":[1],"tags":[],"class_list":["post-14276","post","type-post","status-publish","format-standard","hentry","category-noticias"],"_links":{"self":[{"href":"https:\/\/blogdorogeriogomes.com.br\/noticias\/wp-json\/wp\/v2\/posts\/14276","targetHints":{"allow":["GET"]}}],"collection":[{"href":"https:\/\/blogdorogeriogomes.com.br\/noticias\/wp-json\/wp\/v2\/posts"}],"about":[{"href":"https:\/\/blogdorogeriogomes.com.br\/noticias\/wp-json\/wp\/v2\/types\/post"}],"author":[{"embeddable":true,"href":"https:\/\/blogdorogeriogomes.com.br\/noticias\/wp-json\/wp\/v2\/users\/1"}],"replies":[{"embeddable":true,"href":"https:\/\/blogdorogeriogomes.com.br\/noticias\/wp-json\/wp\/v2\/comments?post=14276"}],"version-history":[{"count":1,"href":"https:\/\/blogdorogeriogomes.com.br\/noticias\/wp-json\/wp\/v2\/posts\/14276\/revisions"}],"predecessor-version":[{"id":14279,"href":"https:\/\/blogdorogeriogomes.com.br\/noticias\/wp-json\/wp\/v2\/posts\/14276\/revisions\/14279"}],"wp:attachment":[{"href":"https:\/\/blogdorogeriogomes.com.br\/noticias\/wp-json\/wp\/v2\/media?parent=14276"}],"wp:term":[{"taxonomy":"category","embeddable":true,"href":"https:\/\/blogdorogeriogomes.com.br\/noticias\/wp-json\/wp\/v2\/categories?post=14276"},{"taxonomy":"post_tag","embeddable":true,"href":"https:\/\/blogdorogeriogomes.com.br\/noticias\/wp-json\/wp\/v2\/tags?post=14276"}],"curies":[{"name":"wp","href":"https:\/\/api.w.org\/{rel}","templated":true}]}}