{"id":14280,"date":"2019-10-18T09:08:31","date_gmt":"2019-10-18T09:08:31","guid":{"rendered":"http:\/\/blogdorogeriogomes.com.br\/?p=14280"},"modified":"2019-10-18T09:08:31","modified_gmt":"2019-10-18T09:08:31","slug":"assembleia-legislativa-aprova-novas-regras-para-a-venda-de-imoveis-estaduais-no-ceara","status":"publish","type":"post","link":"https:\/\/blogdorogeriogomes.com.br\/noticias\/2019\/10\/assembleia-legislativa-aprova-novas-regras-para-a-venda-de-imoveis-estaduais-no-ceara\/","title":{"rendered":"Assembleia Legislativa aprova novas regras para a venda de im\u00f3veis estaduais no Cear\u00e1"},"content":{"rendered":"<p><img loading=\"lazy\" decoding=\"async\" class=\"alignnone size-medium wp-image-14281\" src=\"http:\/\/blogdorogeriogomes.com.br\/wp-content\/uploads\/2019\/10\/IMG_20191018_060355_705-300x200.jpg\" alt=\"IMG_20191018_060355_705\" width=\"300\" height=\"200\" srcset=\"https:\/\/blogdorogeriogomes.com.br\/noticias\/wp-content\/uploads\/2019\/10\/IMG_20191018_060355_705-300x200.jpg 300w, https:\/\/blogdorogeriogomes.com.br\/noticias\/wp-content\/uploads\/2019\/10\/IMG_20191018_060355_705.jpg 678w\" sizes=\"auto, (max-width: 300px) 100vw, 300px\" \/><\/p>\n<p>A Assembleia Legislativa do Cear\u00e1 aprovou, nesta quinta-feira, dia 17 de outubro, o projeto de lei do Governo do Estado que modifica regras para a venda de im\u00f3veis estaduais. A mat\u00e9ria cria norma especial que permite a utiliza\u00e7\u00e3o da modalidade leil\u00e3o para a aliena\u00e7\u00e3o de bens im\u00f3veis. A Mensagem do Executivo foi aprovada por unanimidade na Assembleia.<br \/>\nA venda tamb\u00e9m poder\u00e1 ser parcelada, mediante pagamento de sinal correspondente a, no m\u00ednimo, 10% do valor da aquisi\u00e7\u00e3o no momento do lance. Outra mudan\u00e7a \u00e9 a possibilidade de o Governo Estadual vender diretamente qualquer dos im\u00f3veis.<br \/>\nEm julho passado, o Governo do Estado aprovou na Assembleia um projeto que o autoriza a vender para a iniciativa privada nove im\u00f3veis do Estado. A expectativa anunciada \u00e0 \u00e9poca era de arrecadar R$ 700 milh\u00f5es.<\/p>\n","protected":false},"excerpt":{"rendered":"<p>A Assembleia Legislativa do Cear\u00e1 aprovou, nesta quinta-feira, dia 17 de outubro, o projeto de lei do Governo do Estado que modifica regras para a venda de im\u00f3veis estaduais. A mat\u00e9ria cria norma especial que permite a utiliza\u00e7\u00e3o da modalidade leil\u00e3o para a aliena\u00e7\u00e3o de bens im\u00f3veis. A Mensagem do Executivo foi aprovada por unanimidade na Assembleia. A venda tamb\u00e9m poder\u00e1 ser parcelada, mediante pagamento de sinal correspondente a, no m\u00ednimo, 10% do valor da aquisi\u00e7\u00e3o no momento do&hellip;<\/p>\n","protected":false},"author":1,"featured_media":0,"comment_status":"open","ping_status":"open","sticky":false,"template":"","format":"standard","meta":{"footnotes":""},"categories":[1],"tags":[],"class_list":["post-14280","post","type-post","status-publish","format-standard","hentry","category-noticias"],"_links":{"self":[{"href":"https:\/\/blogdorogeriogomes.com.br\/noticias\/wp-json\/wp\/v2\/posts\/14280","targetHints":{"allow":["GET"]}}],"collection":[{"href":"https:\/\/blogdorogeriogomes.com.br\/noticias\/wp-json\/wp\/v2\/posts"}],"about":[{"href":"https:\/\/blogdorogeriogomes.com.br\/noticias\/wp-json\/wp\/v2\/types\/post"}],"author":[{"embeddable":true,"href":"https:\/\/blogdorogeriogomes.com.br\/noticias\/wp-json\/wp\/v2\/users\/1"}],"replies":[{"embeddable":true,"href":"https:\/\/blogdorogeriogomes.com.br\/noticias\/wp-json\/wp\/v2\/comments?post=14280"}],"version-history":[{"count":1,"href":"https:\/\/blogdorogeriogomes.com.br\/noticias\/wp-json\/wp\/v2\/posts\/14280\/revisions"}],"predecessor-version":[{"id":14282,"href":"https:\/\/blogdorogeriogomes.com.br\/noticias\/wp-json\/wp\/v2\/posts\/14280\/revisions\/14282"}],"wp:attachment":[{"href":"https:\/\/blogdorogeriogomes.com.br\/noticias\/wp-json\/wp\/v2\/media?parent=14280"}],"wp:term":[{"taxonomy":"category","embeddable":true,"href":"https:\/\/blogdorogeriogomes.com.br\/noticias\/wp-json\/wp\/v2\/categories?post=14280"},{"taxonomy":"post_tag","embeddable":true,"href":"https:\/\/blogdorogeriogomes.com.br\/noticias\/wp-json\/wp\/v2\/tags?post=14280"}],"curies":[{"name":"wp","href":"https:\/\/api.w.org\/{rel}","templated":true}]}}