{"id":14286,"date":"2019-10-18T22:57:58","date_gmt":"2019-10-18T22:57:58","guid":{"rendered":"http:\/\/blogdorogeriogomes.com.br\/?p=14286"},"modified":"2019-10-18T22:57:58","modified_gmt":"2019-10-18T22:57:58","slug":"lula-nao-aceita-ir-para-semiaberto-e-consegue-liminar-do-stf-para-continuar-em-curitiba","status":"publish","type":"post","link":"https:\/\/blogdorogeriogomes.com.br\/noticias\/2019\/10\/lula-nao-aceita-ir-para-semiaberto-e-consegue-liminar-do-stf-para-continuar-em-curitiba\/","title":{"rendered":"Lula n\u00e3o aceita ir para semiaberto e consegue liminar do STF para continuar em Curitiba"},"content":{"rendered":"<p><img loading=\"lazy\" decoding=\"async\" class=\"alignnone size-medium wp-image-14287\" src=\"http:\/\/blogdorogeriogomes.com.br\/wp-content\/uploads\/2019\/10\/images-2019-10-18T195035.475-300x162.jpeg\" alt=\"images - 2019-10-18T195035.475\" width=\"300\" height=\"162\" srcset=\"https:\/\/blogdorogeriogomes.com.br\/noticias\/wp-content\/uploads\/2019\/10\/images-2019-10-18T195035.475-300x162.jpeg 300w, https:\/\/blogdorogeriogomes.com.br\/noticias\/wp-content\/uploads\/2019\/10\/images-2019-10-18T195035.475.jpeg 753w\" sizes=\"auto, (max-width: 300px) 100vw, 300px\" \/><\/p>\n<p>A defesa do ex-presidente Lula confirmou nesta sexta-feira, dia 18 de outubro, o desejo dele de n\u00e3o aceitar o regime semiaberto. De acordo com o seu advogado, Cristiano Zanin, Lula n\u00e3o pretende deixar a pris\u00e3o at\u00e9 que o STF julgue a suspei\u00e7\u00e3o do ex-juiz S\u00e9rgio Moro. Zanin disse que uma decis\u00e3o liminar do Supremo Tribunal Federal garante a Lula o direito de ficar numa cela na Superintend\u00eancia da Pol\u00edcia Federal em Curitiba at\u00e9 a Corte julgue um habeas corpus solicitado pelo ex-presidente.<br \/>\nO advogado reitera que Lula busca a nulidade do processo e que n\u00e3o concorda em aceitar o semiaberto por n\u00e3o ver legitimidade no processo que o condenou.<br \/>\nA defesa de Lula j\u00e1 pediu ao STF que o ex-juiz Sergio Moro, hoje ministro da Justi\u00e7a, seja declarado suspeito no caso tr\u00edplex. Se isso acontecer, a condena\u00e7\u00e3o de Lula seria considerada nula.<\/p>\n","protected":false},"excerpt":{"rendered":"<p>A defesa do ex-presidente Lula confirmou nesta sexta-feira, dia 18 de outubro, o desejo dele de n\u00e3o aceitar o regime semiaberto. De acordo com o seu advogado, Cristiano Zanin, Lula n\u00e3o pretende deixar a pris\u00e3o at\u00e9 que o STF julgue a suspei\u00e7\u00e3o do ex-juiz S\u00e9rgio Moro. Zanin disse que uma decis\u00e3o liminar do Supremo Tribunal Federal garante a Lula o direito de ficar numa cela na Superintend\u00eancia da Pol\u00edcia Federal em Curitiba at\u00e9 a Corte julgue um habeas corpus&hellip;<\/p>\n","protected":false},"author":1,"featured_media":0,"comment_status":"open","ping_status":"open","sticky":false,"template":"","format":"standard","meta":{"footnotes":""},"categories":[1],"tags":[],"class_list":["post-14286","post","type-post","status-publish","format-standard","hentry","category-noticias"],"_links":{"self":[{"href":"https:\/\/blogdorogeriogomes.com.br\/noticias\/wp-json\/wp\/v2\/posts\/14286","targetHints":{"allow":["GET"]}}],"collection":[{"href":"https:\/\/blogdorogeriogomes.com.br\/noticias\/wp-json\/wp\/v2\/posts"}],"about":[{"href":"https:\/\/blogdorogeriogomes.com.br\/noticias\/wp-json\/wp\/v2\/types\/post"}],"author":[{"embeddable":true,"href":"https:\/\/blogdorogeriogomes.com.br\/noticias\/wp-json\/wp\/v2\/users\/1"}],"replies":[{"embeddable":true,"href":"https:\/\/blogdorogeriogomes.com.br\/noticias\/wp-json\/wp\/v2\/comments?post=14286"}],"version-history":[{"count":1,"href":"https:\/\/blogdorogeriogomes.com.br\/noticias\/wp-json\/wp\/v2\/posts\/14286\/revisions"}],"predecessor-version":[{"id":14288,"href":"https:\/\/blogdorogeriogomes.com.br\/noticias\/wp-json\/wp\/v2\/posts\/14286\/revisions\/14288"}],"wp:attachment":[{"href":"https:\/\/blogdorogeriogomes.com.br\/noticias\/wp-json\/wp\/v2\/media?parent=14286"}],"wp:term":[{"taxonomy":"category","embeddable":true,"href":"https:\/\/blogdorogeriogomes.com.br\/noticias\/wp-json\/wp\/v2\/categories?post=14286"},{"taxonomy":"post_tag","embeddable":true,"href":"https:\/\/blogdorogeriogomes.com.br\/noticias\/wp-json\/wp\/v2\/tags?post=14286"}],"curies":[{"name":"wp","href":"https:\/\/api.w.org\/{rel}","templated":true}]}}