{"id":14289,"date":"2019-10-19T11:59:50","date_gmt":"2019-10-19T11:59:50","guid":{"rendered":"http:\/\/blogdorogeriogomes.com.br\/?p=14289"},"modified":"2019-10-19T11:59:50","modified_gmt":"2019-10-19T11:59:50","slug":"governadores-do-nordeste-reagem-em-carta-as-agressoes-verbais-de-bolsonaro-contra-o-governador-de-pernambuco","status":"publish","type":"post","link":"https:\/\/blogdorogeriogomes.com.br\/noticias\/2019\/10\/governadores-do-nordeste-reagem-em-carta-as-agressoes-verbais-de-bolsonaro-contra-o-governador-de-pernambuco\/","title":{"rendered":"Governadores do Nordeste reagem em carta \u00e0s agress\u00f5es verbais de Bolsonaro contra o governador de Pernambuco"},"content":{"rendered":"<p><img loading=\"lazy\" decoding=\"async\" class=\"alignnone size-medium wp-image-14290\" src=\"http:\/\/blogdorogeriogomes.com.br\/wp-content\/uploads\/2019\/10\/images-2019-10-19T084755.170-300x225.jpeg\" alt=\"images - 2019-10-19T084755.170\" width=\"300\" height=\"225\" srcset=\"https:\/\/blogdorogeriogomes.com.br\/noticias\/wp-content\/uploads\/2019\/10\/images-2019-10-19T084755.170-300x225.jpeg 300w, https:\/\/blogdorogeriogomes.com.br\/noticias\/wp-content\/uploads\/2019\/10\/images-2019-10-19T084755.170.jpeg 640w\" sizes=\"auto, (max-width: 300px) 100vw, 300px\" \/><\/p>\n<p>Os governadores do Nordeste reagiram \u00e0s agress\u00f5es proferidas pelo presidente Jair Bolsonaro contra o governador de Pernambuco, Paulo C\u00e2mara (PSB) pelas redes sociais. Em carta assinada por oito governadores da regi\u00e3o, Paulo C\u00e2mara recebeu a solidariedade dos colegas. A nota chega ap\u00f3s o governador de Pernambuco receber acusa\u00e7\u00f5es de Bolsonaro por fazer propaganda sobre o 13\u00ba sal\u00e1rio do Bolsa Fam\u00edlia como sendo um projeto estadual. &#8220;\u00c9 profundamente lament\u00e1vel que a miss\u00e3o confiada ao atual presidente seja transformada em um vergonhoso exerc\u00edcio de grosserias e, neste caso, tamb\u00e9m na propaga\u00e7\u00e3o de falsidades\u201d, diz o documento, que \u00e9 assinado pelos governadores Belivaldo Chagas (Sergipe), Camilo Santana (Cear\u00e1), F\u00e1tima Bezerra (Rio Grande do Norte), Fl\u00e1vio Dino (Maranh\u00e3o), Jo\u00e3o Azevedo (Para\u00edba), Renan Filho (Alagoas), Rui Costa (Bahia) e Wellington Dias (Piau\u00ed).<br \/>\nBolsonaro classificou o governador de Pernambuco de &#8220;espertalh\u00e3o&#8221; sob a alegativa que Paulo C\u00e2mara queria se \u201capropriar\u201d do programa do 13\u00b0 para o bolsa fam\u00edlia no seu Estado. O fato \u00e9 que a ideia j\u00e1 tinha sido apresentada pelo governador pernambucano ainda na campanha eleitoral de 2018 para implementar o benef\u00edcio com recursos estaduais.<br \/>\nO projeto para pagar o 13\u00b0 do bolsa fam\u00edlia em Pernambuco foi aprovado em abril deste ano pela Assembleia Legislativa do Estado, sete meses antes de Bolsonaro assinar a Medida Provis\u00f3ria do d\u00e9cimo terceiro do Bolsa Fam\u00edlia nesta semana.<\/p>\n","protected":false},"excerpt":{"rendered":"<p>Os governadores do Nordeste reagiram \u00e0s agress\u00f5es proferidas pelo presidente Jair Bolsonaro contra o governador de Pernambuco, Paulo C\u00e2mara (PSB) pelas redes sociais. Em carta assinada por oito governadores da regi\u00e3o, Paulo C\u00e2mara recebeu a solidariedade dos colegas. A nota chega ap\u00f3s o governador de Pernambuco receber acusa\u00e7\u00f5es de Bolsonaro por fazer propaganda sobre o 13\u00ba sal\u00e1rio do Bolsa Fam\u00edlia como sendo um projeto estadual. &#8220;\u00c9 profundamente lament\u00e1vel que a miss\u00e3o confiada ao atual presidente seja transformada em um&hellip;<\/p>\n","protected":false},"author":1,"featured_media":0,"comment_status":"open","ping_status":"open","sticky":false,"template":"","format":"standard","meta":{"footnotes":""},"categories":[1],"tags":[],"class_list":["post-14289","post","type-post","status-publish","format-standard","hentry","category-noticias"],"_links":{"self":[{"href":"https:\/\/blogdorogeriogomes.com.br\/noticias\/wp-json\/wp\/v2\/posts\/14289","targetHints":{"allow":["GET"]}}],"collection":[{"href":"https:\/\/blogdorogeriogomes.com.br\/noticias\/wp-json\/wp\/v2\/posts"}],"about":[{"href":"https:\/\/blogdorogeriogomes.com.br\/noticias\/wp-json\/wp\/v2\/types\/post"}],"author":[{"embeddable":true,"href":"https:\/\/blogdorogeriogomes.com.br\/noticias\/wp-json\/wp\/v2\/users\/1"}],"replies":[{"embeddable":true,"href":"https:\/\/blogdorogeriogomes.com.br\/noticias\/wp-json\/wp\/v2\/comments?post=14289"}],"version-history":[{"count":1,"href":"https:\/\/blogdorogeriogomes.com.br\/noticias\/wp-json\/wp\/v2\/posts\/14289\/revisions"}],"predecessor-version":[{"id":14291,"href":"https:\/\/blogdorogeriogomes.com.br\/noticias\/wp-json\/wp\/v2\/posts\/14289\/revisions\/14291"}],"wp:attachment":[{"href":"https:\/\/blogdorogeriogomes.com.br\/noticias\/wp-json\/wp\/v2\/media?parent=14289"}],"wp:term":[{"taxonomy":"category","embeddable":true,"href":"https:\/\/blogdorogeriogomes.com.br\/noticias\/wp-json\/wp\/v2\/categories?post=14289"},{"taxonomy":"post_tag","embeddable":true,"href":"https:\/\/blogdorogeriogomes.com.br\/noticias\/wp-json\/wp\/v2\/tags?post=14289"}],"curies":[{"name":"wp","href":"https:\/\/api.w.org\/{rel}","templated":true}]}}