{"id":14292,"date":"2019-10-20T11:21:28","date_gmt":"2019-10-20T11:21:28","guid":{"rendered":"http:\/\/blogdorogeriogomes.com.br\/?p=14292"},"modified":"2019-10-20T11:21:28","modified_gmt":"2019-10-20T11:21:28","slug":"prefeitura-lanca-edital-de-apoio-aos-blocos-do-pre-e-do-carnaval-de-fortaleza-em-2020","status":"publish","type":"post","link":"https:\/\/blogdorogeriogomes.com.br\/noticias\/2019\/10\/prefeitura-lanca-edital-de-apoio-aos-blocos-do-pre-e-do-carnaval-de-fortaleza-em-2020\/","title":{"rendered":"Prefeitura lan\u00e7a edital de apoio aos blocos do Pr\u00e9 e do Carnaval de Fortaleza em 2020"},"content":{"rendered":"<p><img loading=\"lazy\" decoding=\"async\" class=\"alignnone size-medium wp-image-14293\" src=\"http:\/\/blogdorogeriogomes.com.br\/wp-content\/uploads\/2019\/10\/images-2019-10-20T081240.163-300x194.jpeg\" alt=\"images - 2019-10-20T081240.163\" width=\"300\" height=\"194\" srcset=\"https:\/\/blogdorogeriogomes.com.br\/noticias\/wp-content\/uploads\/2019\/10\/images-2019-10-20T081240.163-300x194.jpeg 300w, https:\/\/blogdorogeriogomes.com.br\/noticias\/wp-content\/uploads\/2019\/10\/images-2019-10-20T081240.163.jpeg 689w\" sizes=\"auto, (max-width: 300px) 100vw, 300px\" \/><\/p>\n<p>A Prefeitura de Fortaleza lan\u00e7ou, por meio da Secretaria Municipal da Cultura de Fortaleza (Secultfor), na quinta-feira, dia 17 de outubro, o Edital de Apoio aos Blocos de Rua do Ciclo Carnavalesco 2020. O edital, que prev\u00ea o montante de R$ 550 mil, tem o objetivo de fomentar a cultura apoiando blocos de rua durante o Pr\u00e9-Carnaval e Carnaval. Os interessados podem se inscrever at\u00e9 o dia 31 de outubro deste ano, na Central de Licita\u00e7\u00f5es da Prefeitura de Fortaleza \u2013 CLFOR (Rua do Ros\u00e1rio, 77, Centro).<br \/>\nO edital contemplar\u00e1 56 projetos de blocos de rua, entre veteranos e estreantes, que poder\u00e3o dividir as apresenta\u00e7\u00f5es no per\u00edodo do Pr\u00e9-Carnaval e do Carnaval de 2020. Todos os envelopes ser\u00e3o abertos, em sess\u00e3o p\u00fablica, no dia 4 de novembro de 2019.<\/p>\n","protected":false},"excerpt":{"rendered":"<p>A Prefeitura de Fortaleza lan\u00e7ou, por meio da Secretaria Municipal da Cultura de Fortaleza (Secultfor), na quinta-feira, dia 17 de outubro, o Edital de Apoio aos Blocos de Rua do Ciclo Carnavalesco 2020. O edital, que prev\u00ea o montante de R$ 550 mil, tem o objetivo de fomentar a cultura apoiando blocos de rua durante o Pr\u00e9-Carnaval e Carnaval. Os interessados podem se inscrever at\u00e9 o dia 31 de outubro deste ano, na Central de Licita\u00e7\u00f5es da Prefeitura de&hellip;<\/p>\n","protected":false},"author":1,"featured_media":0,"comment_status":"open","ping_status":"open","sticky":false,"template":"","format":"standard","meta":{"footnotes":""},"categories":[1],"tags":[],"class_list":["post-14292","post","type-post","status-publish","format-standard","hentry","category-noticias"],"_links":{"self":[{"href":"https:\/\/blogdorogeriogomes.com.br\/noticias\/wp-json\/wp\/v2\/posts\/14292","targetHints":{"allow":["GET"]}}],"collection":[{"href":"https:\/\/blogdorogeriogomes.com.br\/noticias\/wp-json\/wp\/v2\/posts"}],"about":[{"href":"https:\/\/blogdorogeriogomes.com.br\/noticias\/wp-json\/wp\/v2\/types\/post"}],"author":[{"embeddable":true,"href":"https:\/\/blogdorogeriogomes.com.br\/noticias\/wp-json\/wp\/v2\/users\/1"}],"replies":[{"embeddable":true,"href":"https:\/\/blogdorogeriogomes.com.br\/noticias\/wp-json\/wp\/v2\/comments?post=14292"}],"version-history":[{"count":1,"href":"https:\/\/blogdorogeriogomes.com.br\/noticias\/wp-json\/wp\/v2\/posts\/14292\/revisions"}],"predecessor-version":[{"id":14294,"href":"https:\/\/blogdorogeriogomes.com.br\/noticias\/wp-json\/wp\/v2\/posts\/14292\/revisions\/14294"}],"wp:attachment":[{"href":"https:\/\/blogdorogeriogomes.com.br\/noticias\/wp-json\/wp\/v2\/media?parent=14292"}],"wp:term":[{"taxonomy":"category","embeddable":true,"href":"https:\/\/blogdorogeriogomes.com.br\/noticias\/wp-json\/wp\/v2\/categories?post=14292"},{"taxonomy":"post_tag","embeddable":true,"href":"https:\/\/blogdorogeriogomes.com.br\/noticias\/wp-json\/wp\/v2\/tags?post=14292"}],"curies":[{"name":"wp","href":"https:\/\/api.w.org\/{rel}","templated":true}]}}