{"id":14296,"date":"2019-10-21T08:45:48","date_gmt":"2019-10-21T08:45:48","guid":{"rendered":"http:\/\/blogdorogeriogomes.com.br\/?p=14296"},"modified":"2019-10-21T08:45:48","modified_gmt":"2019-10-21T08:45:48","slug":"bolsonaro-inicia-viagem-internacional-de-mais-de-uma-semana-em-meio-a-crise-no-psl","status":"publish","type":"post","link":"https:\/\/blogdorogeriogomes.com.br\/noticias\/2019\/10\/bolsonaro-inicia-viagem-internacional-de-mais-de-uma-semana-em-meio-a-crise-no-psl\/","title":{"rendered":"Bolsonaro inicia viagem internacional de mais de uma semana em meio \u00e0 crise no PSL"},"content":{"rendered":"<p><img loading=\"lazy\" decoding=\"async\" class=\"size-medium wp-image-14297\" src=\"http:\/\/blogdorogeriogomes.com.br\/wp-content\/uploads\/2019\/10\/20012019-presidente-da-repblica-jair-bolsonaro-embarca-para-davos-suia_45905560525_o-300x200.jpg\" alt=\"Presidente da Rep\u00fablica, Jair Bolsonaro, embarca para Davos, Sui\u00e7a.\" width=\"300\" height=\"200\" srcset=\"https:\/\/blogdorogeriogomes.com.br\/noticias\/wp-content\/uploads\/2019\/10\/20012019-presidente-da-repblica-jair-bolsonaro-embarca-para-davos-suia_45905560525_o-300x200.jpg 300w, https:\/\/blogdorogeriogomes.com.br\/noticias\/wp-content\/uploads\/2019\/10\/20012019-presidente-da-repblica-jair-bolsonaro-embarca-para-davos-suia_45905560525_o.jpg 491w\" sizes=\"auto, (max-width: 300px) 100vw, 300px\" \/><\/p>\n<p>Em meio \u00e0 crise com o PSL, o presidente Jair Bolsonaro viajou a T\u00f3quio, no Jap\u00e3o, para a primeira etapa de uma viagem a cinco pa\u00edses do leste asi\u00e1tico e do Oriente M\u00e9dio, que se estender\u00e1 at\u00e9 pr\u00f3xima semana. O principal compromisso no pa\u00eds ser\u00e1 a cerim\u00f4nia de entroniza\u00e7\u00e3o do novo imperador do Jap\u00e3o, Naruhito. Bolsonaro ainda se reunir\u00e1 com o primeiro-ministro japon\u00eas, Shinzo Abe. Depois, o presidente ir\u00e1, respectivamente, para China, Emirados \u00c1rabes Unidos, Qatar e Ar\u00e1bia Saudita.<br \/>\nSeis ministros fazem parte da comitiva: Ernesto Ara\u00fajo (Rela\u00e7\u00f5es Exteriores), Onyx Lorenzoni (Casa Civil), Augusto Heleno (Gabinete de Seguran\u00e7a Institucional), Tereza Cristina (Agricultura), Bento Albuquerque (Minas e Energia) e Osmar Terra (Cidadania).<br \/>\nMesmo longe de Bras\u00edlia nesta semana, Bolsonaro dever\u00e1 se ocupar com o desenrolar da crise no seu partido. Ainda n\u00e3o se sabe se ele insistir\u00e1 na derrubada do presidente da sigla, Luciano Bivar, ou se vai buscar uma outra agremia\u00e7\u00e3o partid\u00e1ria para o seu grupo.<\/p>\n","protected":false},"excerpt":{"rendered":"<p>Em meio \u00e0 crise com o PSL, o presidente Jair Bolsonaro viajou a T\u00f3quio, no Jap\u00e3o, para a primeira etapa de uma viagem a cinco pa\u00edses do leste asi\u00e1tico e do Oriente M\u00e9dio, que se estender\u00e1 at\u00e9 pr\u00f3xima semana. O principal compromisso no pa\u00eds ser\u00e1 a cerim\u00f4nia de entroniza\u00e7\u00e3o do novo imperador do Jap\u00e3o, Naruhito. Bolsonaro ainda se reunir\u00e1 com o primeiro-ministro japon\u00eas, Shinzo Abe. Depois, o presidente ir\u00e1, respectivamente, para China, Emirados \u00c1rabes Unidos, Qatar e Ar\u00e1bia Saudita.&hellip;<\/p>\n","protected":false},"author":1,"featured_media":0,"comment_status":"open","ping_status":"open","sticky":false,"template":"","format":"standard","meta":{"footnotes":""},"categories":[1],"tags":[],"class_list":["post-14296","post","type-post","status-publish","format-standard","hentry","category-noticias"],"_links":{"self":[{"href":"https:\/\/blogdorogeriogomes.com.br\/noticias\/wp-json\/wp\/v2\/posts\/14296","targetHints":{"allow":["GET"]}}],"collection":[{"href":"https:\/\/blogdorogeriogomes.com.br\/noticias\/wp-json\/wp\/v2\/posts"}],"about":[{"href":"https:\/\/blogdorogeriogomes.com.br\/noticias\/wp-json\/wp\/v2\/types\/post"}],"author":[{"embeddable":true,"href":"https:\/\/blogdorogeriogomes.com.br\/noticias\/wp-json\/wp\/v2\/users\/1"}],"replies":[{"embeddable":true,"href":"https:\/\/blogdorogeriogomes.com.br\/noticias\/wp-json\/wp\/v2\/comments?post=14296"}],"version-history":[{"count":1,"href":"https:\/\/blogdorogeriogomes.com.br\/noticias\/wp-json\/wp\/v2\/posts\/14296\/revisions"}],"predecessor-version":[{"id":14298,"href":"https:\/\/blogdorogeriogomes.com.br\/noticias\/wp-json\/wp\/v2\/posts\/14296\/revisions\/14298"}],"wp:attachment":[{"href":"https:\/\/blogdorogeriogomes.com.br\/noticias\/wp-json\/wp\/v2\/media?parent=14296"}],"wp:term":[{"taxonomy":"category","embeddable":true,"href":"https:\/\/blogdorogeriogomes.com.br\/noticias\/wp-json\/wp\/v2\/categories?post=14296"},{"taxonomy":"post_tag","embeddable":true,"href":"https:\/\/blogdorogeriogomes.com.br\/noticias\/wp-json\/wp\/v2\/tags?post=14296"}],"curies":[{"name":"wp","href":"https:\/\/api.w.org\/{rel}","templated":true}]}}