{"id":14303,"date":"2019-10-21T20:15:35","date_gmt":"2019-10-21T20:15:35","guid":{"rendered":"http:\/\/blogdorogeriogomes.com.br\/?p=14303"},"modified":"2019-10-21T20:15:35","modified_gmt":"2019-10-21T20:15:35","slug":"justica-notifica-governo-federal-e-da-24-horas-para-que-sejam-tomadas-providencias-sobre-avanco-do-oleo-no-litoral-nordestino","status":"publish","type":"post","link":"https:\/\/blogdorogeriogomes.com.br\/noticias\/2019\/10\/justica-notifica-governo-federal-e-da-24-horas-para-que-sejam-tomadas-providencias-sobre-avanco-do-oleo-no-litoral-nordestino\/","title":{"rendered":"Justi\u00e7a notifica Governo Federal e d\u00e1 24 horas para que sejam tomadas provid\u00eancias sobre avan\u00e7o do \u00f3leo no litoral nordestino"},"content":{"rendered":"<p><img loading=\"lazy\" decoding=\"async\" class=\"alignnone size-medium wp-image-14304\" src=\"http:\/\/blogdorogeriogomes.com.br\/wp-content\/uploads\/2019\/10\/images-2019-10-21T170626.668-300x300.jpeg\" alt=\"images - 2019-10-21T170626.668\" width=\"300\" height=\"300\" srcset=\"https:\/\/blogdorogeriogomes.com.br\/noticias\/wp-content\/uploads\/2019\/10\/images-2019-10-21T170626.668-300x300.jpeg 300w, https:\/\/blogdorogeriogomes.com.br\/noticias\/wp-content\/uploads\/2019\/10\/images-2019-10-21T170626.668-150x150.jpeg 150w, https:\/\/blogdorogeriogomes.com.br\/noticias\/wp-content\/uploads\/2019\/10\/images-2019-10-21T170626.668.jpeg 554w\" sizes=\"auto, (max-width: 300px) 100vw, 300px\" \/><\/p>\n<p>A lentid\u00e3o do Governo Federal em conter o avan\u00e7o do \u00f3leo no litoral nordestino fez a Justi\u00e7a Federal agir. Decis\u00f5es liminares da Justi\u00e7a Federal em Alagoas e Pernambuco determinaram que o presidente Jair Bolsonaro adote imediatamente provid\u00eancias para conter e recolher o \u00f3leo que atinge as praias do litoral nordestino. Uni\u00e3o e Ibama ser\u00e3o notificados.<br \/>\nEm Pernambuco, a determina\u00e7\u00e3o resulta de a\u00e7\u00e3o civil p\u00fablica ajuizada pelo Minist\u00e9rio P\u00fablico Federal e assinada pelos procuradores da Rep\u00fablica Edson Virg\u00ednio Cavalcante J\u00fanior e Nat\u00e1lia Louren\u00e7o Soares.<br \/>\nEm 24 horas, a contar da notifica\u00e7\u00e3o judicial, dever\u00e1 ter in\u00edcio a implanta\u00e7\u00e3o de barreiras de prote\u00e7\u00e3o dos ecossistemas mais sens\u00edveis, com instala\u00e7\u00e3o de equipamentos adequados feita por equipe especializada.<br \/>\nEm Alagoas, a Justi\u00e7a ordenou a implanta\u00e7\u00e3o de barreiras de prote\u00e7\u00e3o, \u2018com o adequado monitoramento\u2019, nos manguezais, nas principais \u00e1reas de desova das tartarugas marinhas no Estado.<br \/>\nAs a\u00e7\u00f5es ambientais contra o avan\u00e7o do \u00f3leo, at\u00e9 o momento, nos Estados atingidos est\u00e3o restritas a iniciativa privada e dos governos estaduais.<\/p>\n","protected":false},"excerpt":{"rendered":"<p>A lentid\u00e3o do Governo Federal em conter o avan\u00e7o do \u00f3leo no litoral nordestino fez a Justi\u00e7a Federal agir. Decis\u00f5es liminares da Justi\u00e7a Federal em Alagoas e Pernambuco determinaram que o presidente Jair Bolsonaro adote imediatamente provid\u00eancias para conter e recolher o \u00f3leo que atinge as praias do litoral nordestino. Uni\u00e3o e Ibama ser\u00e3o notificados. Em Pernambuco, a determina\u00e7\u00e3o resulta de a\u00e7\u00e3o civil p\u00fablica ajuizada pelo Minist\u00e9rio P\u00fablico Federal e assinada pelos procuradores da Rep\u00fablica Edson Virg\u00ednio Cavalcante J\u00fanior&hellip;<\/p>\n","protected":false},"author":1,"featured_media":0,"comment_status":"open","ping_status":"open","sticky":false,"template":"","format":"standard","meta":{"footnotes":""},"categories":[1],"tags":[],"class_list":["post-14303","post","type-post","status-publish","format-standard","hentry","category-noticias"],"_links":{"self":[{"href":"https:\/\/blogdorogeriogomes.com.br\/noticias\/wp-json\/wp\/v2\/posts\/14303","targetHints":{"allow":["GET"]}}],"collection":[{"href":"https:\/\/blogdorogeriogomes.com.br\/noticias\/wp-json\/wp\/v2\/posts"}],"about":[{"href":"https:\/\/blogdorogeriogomes.com.br\/noticias\/wp-json\/wp\/v2\/types\/post"}],"author":[{"embeddable":true,"href":"https:\/\/blogdorogeriogomes.com.br\/noticias\/wp-json\/wp\/v2\/users\/1"}],"replies":[{"embeddable":true,"href":"https:\/\/blogdorogeriogomes.com.br\/noticias\/wp-json\/wp\/v2\/comments?post=14303"}],"version-history":[{"count":1,"href":"https:\/\/blogdorogeriogomes.com.br\/noticias\/wp-json\/wp\/v2\/posts\/14303\/revisions"}],"predecessor-version":[{"id":14305,"href":"https:\/\/blogdorogeriogomes.com.br\/noticias\/wp-json\/wp\/v2\/posts\/14303\/revisions\/14305"}],"wp:attachment":[{"href":"https:\/\/blogdorogeriogomes.com.br\/noticias\/wp-json\/wp\/v2\/media?parent=14303"}],"wp:term":[{"taxonomy":"category","embeddable":true,"href":"https:\/\/blogdorogeriogomes.com.br\/noticias\/wp-json\/wp\/v2\/categories?post=14303"},{"taxonomy":"post_tag","embeddable":true,"href":"https:\/\/blogdorogeriogomes.com.br\/noticias\/wp-json\/wp\/v2\/tags?post=14303"}],"curies":[{"name":"wp","href":"https:\/\/api.w.org\/{rel}","templated":true}]}}