{"id":14310,"date":"2019-10-22T09:06:50","date_gmt":"2019-10-22T09:06:50","guid":{"rendered":"http:\/\/blogdorogeriogomes.com.br\/?p=14310"},"modified":"2019-10-22T09:06:50","modified_gmt":"2019-10-22T09:06:50","slug":"prefeitura-de-fortaleza-e-ministerio-publico-formam-grupo-de-trabalho-para-definir-fiscalizacao-a-predios-da-capital","status":"publish","type":"post","link":"https:\/\/blogdorogeriogomes.com.br\/noticias\/2019\/10\/prefeitura-de-fortaleza-e-ministerio-publico-formam-grupo-de-trabalho-para-definir-fiscalizacao-a-predios-da-capital\/","title":{"rendered":"Prefeitura de Fortaleza e Minist\u00e9rio P\u00fablico formam grupo de trabalho para definir fiscaliza\u00e7\u00e3o a pr\u00e9dios da Capital"},"content":{"rendered":"<p><img loading=\"lazy\" decoding=\"async\" class=\"alignnone size-medium wp-image-14311\" src=\"http:\/\/blogdorogeriogomes.com.br\/wp-content\/uploads\/2019\/10\/Reuniao-MPCE-Edificio-Andrea-2110_Thiago-Gaspar-300x178.jpg\" alt=\"Reuniao-MPCE-Edificio-Andrea-2110_Thiago-Gaspar\" width=\"300\" height=\"178\" srcset=\"https:\/\/blogdorogeriogomes.com.br\/noticias\/wp-content\/uploads\/2019\/10\/Reuniao-MPCE-Edificio-Andrea-2110_Thiago-Gaspar-300x178.jpg 300w, https:\/\/blogdorogeriogomes.com.br\/noticias\/wp-content\/uploads\/2019\/10\/Reuniao-MPCE-Edificio-Andrea-2110_Thiago-Gaspar-768x456.jpg 768w, https:\/\/blogdorogeriogomes.com.br\/noticias\/wp-content\/uploads\/2019\/10\/Reuniao-MPCE-Edificio-Andrea-2110_Thiago-Gaspar-1024x608.jpg 1024w\" sizes=\"auto, (max-width: 300px) 100vw, 300px\" \/><\/p>\n<p>O desabamento do Edif\u00edcio Andrea no bairro Dion\u00edsio Torres come\u00e7a a gerar consequ\u00eancias. O prefeito de Fortaleza, Roberto Claudio, e o Procurador Geral de Justi\u00e7a, Pl\u00e1cido Rios, decidiram criar um grupo de trabalho formado por integrantes da Prefeitura de Fortaleza e do Minist\u00e9rio P\u00fablico Estadual para elaborar um cronograma de a\u00e7\u00f5es que defina a fiscaliza\u00e7\u00e3o e vistoria em pr\u00e9dios da Capital que apresentem problemas estruturais.<br \/>\nA iniciativa conjunta visa executar o processo de fiscaliza\u00e7\u00e3o e eventual interdi\u00e7\u00e3o de edifica\u00e7\u00f5es que, em um primeiro momento, sejam alvos de den\u00fancias ou que tenham caracter\u00edsticas evidentes de m\u00e1 conserva\u00e7\u00e3o em \u00e1reas que dever\u00e3o ser definidas pelo grupo de trabalho. Tamb\u00e9m foi colocado em pauta como ser\u00e3o feitas as inspe\u00e7\u00f5es, de forma a garantir a efic\u00e1cia da Lei de Inspe\u00e7\u00e3o Predial no m\u00e9dio e longo prazos.<br \/>\nAl\u00e9m dos integrantes da Prefeitura de Fortaleza e do Minist\u00e9rio P\u00fablico Estadual, tamb\u00e9m ser\u00e3o convidados a compor o grupo o Corpo de Bombeiros, o Crea\/CE (Conselho Regional de Engenharia e Agronomia do Cear\u00e1) e a Universidade Federal do Cear\u00e1 (UFC).<br \/>\nInicialmente, as fiscaliza\u00e7\u00f5es dever\u00e3o ocorrer em im\u00f3veis que ofere\u00e7am riscos \u00e0s pessoas e que tenham sido citados em den\u00fancias recebidas nos canais de comunica\u00e7\u00e3o com a popula\u00e7\u00e3o disponibilizados pela Prefeitura, Minist\u00e9rio P\u00fablico e Crea\/CE.<\/p>\n","protected":false},"excerpt":{"rendered":"<p>O desabamento do Edif\u00edcio Andrea no bairro Dion\u00edsio Torres come\u00e7a a gerar consequ\u00eancias. O prefeito de Fortaleza, Roberto Claudio, e o Procurador Geral de Justi\u00e7a, Pl\u00e1cido Rios, decidiram criar um grupo de trabalho formado por integrantes da Prefeitura de Fortaleza e do Minist\u00e9rio P\u00fablico Estadual para elaborar um cronograma de a\u00e7\u00f5es que defina a fiscaliza\u00e7\u00e3o e vistoria em pr\u00e9dios da Capital que apresentem problemas estruturais. A iniciativa conjunta visa executar o processo de fiscaliza\u00e7\u00e3o e eventual interdi\u00e7\u00e3o de edifica\u00e7\u00f5es&hellip;<\/p>\n","protected":false},"author":1,"featured_media":0,"comment_status":"open","ping_status":"open","sticky":false,"template":"","format":"standard","meta":{"footnotes":""},"categories":[1],"tags":[],"class_list":["post-14310","post","type-post","status-publish","format-standard","hentry","category-noticias"],"_links":{"self":[{"href":"https:\/\/blogdorogeriogomes.com.br\/noticias\/wp-json\/wp\/v2\/posts\/14310","targetHints":{"allow":["GET"]}}],"collection":[{"href":"https:\/\/blogdorogeriogomes.com.br\/noticias\/wp-json\/wp\/v2\/posts"}],"about":[{"href":"https:\/\/blogdorogeriogomes.com.br\/noticias\/wp-json\/wp\/v2\/types\/post"}],"author":[{"embeddable":true,"href":"https:\/\/blogdorogeriogomes.com.br\/noticias\/wp-json\/wp\/v2\/users\/1"}],"replies":[{"embeddable":true,"href":"https:\/\/blogdorogeriogomes.com.br\/noticias\/wp-json\/wp\/v2\/comments?post=14310"}],"version-history":[{"count":1,"href":"https:\/\/blogdorogeriogomes.com.br\/noticias\/wp-json\/wp\/v2\/posts\/14310\/revisions"}],"predecessor-version":[{"id":14312,"href":"https:\/\/blogdorogeriogomes.com.br\/noticias\/wp-json\/wp\/v2\/posts\/14310\/revisions\/14312"}],"wp:attachment":[{"href":"https:\/\/blogdorogeriogomes.com.br\/noticias\/wp-json\/wp\/v2\/media?parent=14310"}],"wp:term":[{"taxonomy":"category","embeddable":true,"href":"https:\/\/blogdorogeriogomes.com.br\/noticias\/wp-json\/wp\/v2\/categories?post=14310"},{"taxonomy":"post_tag","embeddable":true,"href":"https:\/\/blogdorogeriogomes.com.br\/noticias\/wp-json\/wp\/v2\/tags?post=14310"}],"curies":[{"name":"wp","href":"https:\/\/api.w.org\/{rel}","templated":true}]}}