{"id":14316,"date":"2019-10-22T21:07:02","date_gmt":"2019-10-22T21:07:02","guid":{"rendered":"http:\/\/blogdorogeriogomes.com.br\/?p=14316"},"modified":"2019-10-22T21:07:02","modified_gmt":"2019-10-22T21:07:02","slug":"governador-anuncia-convocacao-de-novos-servidores-que-passaram-em-concursos-publicos-no-ceara","status":"publish","type":"post","link":"https:\/\/blogdorogeriogomes.com.br\/noticias\/2019\/10\/governador-anuncia-convocacao-de-novos-servidores-que-passaram-em-concursos-publicos-no-ceara\/","title":{"rendered":"Governador anuncia convoca\u00e7\u00e3o de novos servidores que passaram em concursos p\u00fablicos no Cear\u00e1"},"content":{"rendered":"<p><img loading=\"lazy\" decoding=\"async\" class=\"alignnone size-medium wp-image-14317\" src=\"http:\/\/blogdorogeriogomes.com.br\/wp-content\/uploads\/2019\/10\/images-2019-10-22T180213.654-300x200.jpeg\" alt=\"images - 2019-10-22T180213.654\" width=\"300\" height=\"200\" srcset=\"https:\/\/blogdorogeriogomes.com.br\/noticias\/wp-content\/uploads\/2019\/10\/images-2019-10-22T180213.654-300x200.jpeg 300w, https:\/\/blogdorogeriogomes.com.br\/noticias\/wp-content\/uploads\/2019\/10\/images-2019-10-22T180213.654.jpeg 678w\" sizes=\"auto, (max-width: 300px) 100vw, 300px\" \/><\/p>\n<p>O governador Camilo Santana anunciou a convoca\u00e7\u00e3o de novos servidores que passaram em concursos p\u00fablicos no Cear\u00e1, com as devidas datas de nomea\u00e7\u00e3o ainda este ano.<br \/>\nPrimeiro, ser\u00e3o 218 bombeiros concursados v\u00e3o assumir suas fun\u00e7\u00f5es a partir do dia 2 de dezembro. A turma concluiu o curso de forma\u00e7\u00e3o de pra\u00e7as em novembro de 2018. O detalhe \u00e9 que parte dela participou dos trabalhos de resgate no desabamento do Edif\u00edcio Andrea, semana passada, em Fortaleza.<br \/>\nTamb\u00e9m ser\u00e3o empossados 192 novos agentes penitenci\u00e1rios, no dia 31 de outubro, haver\u00e1 a convoca\u00e7\u00e3o de concursados da Secretaria de Cultura do Estado, no dia 5 de novembro, al\u00e9m da homologa\u00e7\u00e3o do concurso feito para a Secretaria da Educa\u00e7\u00e3o, no dia 27 de dezembro.<\/p>\n","protected":false},"excerpt":{"rendered":"<p>O governador Camilo Santana anunciou a convoca\u00e7\u00e3o de novos servidores que passaram em concursos p\u00fablicos no Cear\u00e1, com as devidas datas de nomea\u00e7\u00e3o ainda este ano. Primeiro, ser\u00e3o 218 bombeiros concursados v\u00e3o assumir suas fun\u00e7\u00f5es a partir do dia 2 de dezembro. A turma concluiu o curso de forma\u00e7\u00e3o de pra\u00e7as em novembro de 2018. O detalhe \u00e9 que parte dela participou dos trabalhos de resgate no desabamento do Edif\u00edcio Andrea, semana passada, em Fortaleza. Tamb\u00e9m ser\u00e3o empossados 192&hellip;<\/p>\n","protected":false},"author":1,"featured_media":0,"comment_status":"open","ping_status":"open","sticky":false,"template":"","format":"standard","meta":{"footnotes":""},"categories":[1],"tags":[],"class_list":["post-14316","post","type-post","status-publish","format-standard","hentry","category-noticias"],"_links":{"self":[{"href":"https:\/\/blogdorogeriogomes.com.br\/noticias\/wp-json\/wp\/v2\/posts\/14316","targetHints":{"allow":["GET"]}}],"collection":[{"href":"https:\/\/blogdorogeriogomes.com.br\/noticias\/wp-json\/wp\/v2\/posts"}],"about":[{"href":"https:\/\/blogdorogeriogomes.com.br\/noticias\/wp-json\/wp\/v2\/types\/post"}],"author":[{"embeddable":true,"href":"https:\/\/blogdorogeriogomes.com.br\/noticias\/wp-json\/wp\/v2\/users\/1"}],"replies":[{"embeddable":true,"href":"https:\/\/blogdorogeriogomes.com.br\/noticias\/wp-json\/wp\/v2\/comments?post=14316"}],"version-history":[{"count":1,"href":"https:\/\/blogdorogeriogomes.com.br\/noticias\/wp-json\/wp\/v2\/posts\/14316\/revisions"}],"predecessor-version":[{"id":14318,"href":"https:\/\/blogdorogeriogomes.com.br\/noticias\/wp-json\/wp\/v2\/posts\/14316\/revisions\/14318"}],"wp:attachment":[{"href":"https:\/\/blogdorogeriogomes.com.br\/noticias\/wp-json\/wp\/v2\/media?parent=14316"}],"wp:term":[{"taxonomy":"category","embeddable":true,"href":"https:\/\/blogdorogeriogomes.com.br\/noticias\/wp-json\/wp\/v2\/categories?post=14316"},{"taxonomy":"post_tag","embeddable":true,"href":"https:\/\/blogdorogeriogomes.com.br\/noticias\/wp-json\/wp\/v2\/tags?post=14316"}],"curies":[{"name":"wp","href":"https:\/\/api.w.org\/{rel}","templated":true}]}}