{"id":14319,"date":"2019-10-22T21:31:00","date_gmt":"2019-10-22T21:31:00","guid":{"rendered":"http:\/\/blogdorogeriogomes.com.br\/?p=14319"},"modified":"2019-10-22T21:31:00","modified_gmt":"2019-10-22T21:31:00","slug":"segunda-turma-do-stf-condena-irmaos-vieira-lima-no-processo-do-bunker-em-salvador","status":"publish","type":"post","link":"https:\/\/blogdorogeriogomes.com.br\/noticias\/2019\/10\/segunda-turma-do-stf-condena-irmaos-vieira-lima-no-processo-do-bunker-em-salvador\/","title":{"rendered":"Segunda Turma do STF condena irm\u00e3os Vieira Lima no processo do &#8220;bunker&#8221; em Salvador"},"content":{"rendered":"<p><img loading=\"lazy\" decoding=\"async\" class=\"alignnone size-medium wp-image-14320\" src=\"http:\/\/blogdorogeriogomes.com.br\/wp-content\/uploads\/2019\/10\/images-2019-10-22T182446.835-300x187.jpeg\" alt=\"images - 2019-10-22T182446.835\" width=\"300\" height=\"187\" srcset=\"https:\/\/blogdorogeriogomes.com.br\/noticias\/wp-content\/uploads\/2019\/10\/images-2019-10-22T182446.835-300x187.jpeg 300w, https:\/\/blogdorogeriogomes.com.br\/noticias\/wp-content\/uploads\/2019\/10\/images-2019-10-22T182446.835.jpeg 702w\" sizes=\"auto, (max-width: 300px) 100vw, 300px\" \/><\/p>\n<p>A Segunda Turma do Supremo Tribunal Federal decidiu condenar o ex-ministro Geddel Vieira Lima (MDB) e o ex-deputado federal L\u00facio Vieira Lima (MDB-BA), irm\u00e3o de Geddel, pelos crimes de lavagem de dinheiro e associa\u00e7\u00e3o criminosa no processo dos R$ 51 milh\u00f5es encontrados em um &#8220;bunker&#8221; em Salvador em 2017.<br \/>\nGeddel foi condenado a 14 anos e 10 meses de pris\u00e3o e ao pagamento de 106 dias multa, valor estimado em R$ 1,6 milh\u00e3o. L\u00facio foi condenado a 10 anos e 6 meses de pris\u00e3o e a um pagamento de 60 dias multa, valor estimado em R$ 908 mil. Al\u00e9m disso, os ministros condenaram os dois ao pagamento de R$ 52 milh\u00f5es em danos morais coletivos, uma esp\u00e9cie de repara\u00e7\u00e3o \u00e0 sociedade pelos crimes cometidos.<br \/>\nGeddel foi preso em 8 de setembro de 2017, tr\u00eas dias depois de o dinheiro no apartamento em Salvador ter sido encontrado.<\/p>\n","protected":false},"excerpt":{"rendered":"<p>A Segunda Turma do Supremo Tribunal Federal decidiu condenar o ex-ministro Geddel Vieira Lima (MDB) e o ex-deputado federal L\u00facio Vieira Lima (MDB-BA), irm\u00e3o de Geddel, pelos crimes de lavagem de dinheiro e associa\u00e7\u00e3o criminosa no processo dos R$ 51 milh\u00f5es encontrados em um &#8220;bunker&#8221; em Salvador em 2017. Geddel foi condenado a 14 anos e 10 meses de pris\u00e3o e ao pagamento de 106 dias multa, valor estimado em R$ 1,6 milh\u00e3o. L\u00facio foi condenado a 10 anos&hellip;<\/p>\n","protected":false},"author":1,"featured_media":0,"comment_status":"open","ping_status":"open","sticky":false,"template":"","format":"standard","meta":{"footnotes":""},"categories":[1],"tags":[],"class_list":["post-14319","post","type-post","status-publish","format-standard","hentry","category-noticias"],"_links":{"self":[{"href":"https:\/\/blogdorogeriogomes.com.br\/noticias\/wp-json\/wp\/v2\/posts\/14319","targetHints":{"allow":["GET"]}}],"collection":[{"href":"https:\/\/blogdorogeriogomes.com.br\/noticias\/wp-json\/wp\/v2\/posts"}],"about":[{"href":"https:\/\/blogdorogeriogomes.com.br\/noticias\/wp-json\/wp\/v2\/types\/post"}],"author":[{"embeddable":true,"href":"https:\/\/blogdorogeriogomes.com.br\/noticias\/wp-json\/wp\/v2\/users\/1"}],"replies":[{"embeddable":true,"href":"https:\/\/blogdorogeriogomes.com.br\/noticias\/wp-json\/wp\/v2\/comments?post=14319"}],"version-history":[{"count":1,"href":"https:\/\/blogdorogeriogomes.com.br\/noticias\/wp-json\/wp\/v2\/posts\/14319\/revisions"}],"predecessor-version":[{"id":14321,"href":"https:\/\/blogdorogeriogomes.com.br\/noticias\/wp-json\/wp\/v2\/posts\/14319\/revisions\/14321"}],"wp:attachment":[{"href":"https:\/\/blogdorogeriogomes.com.br\/noticias\/wp-json\/wp\/v2\/media?parent=14319"}],"wp:term":[{"taxonomy":"category","embeddable":true,"href":"https:\/\/blogdorogeriogomes.com.br\/noticias\/wp-json\/wp\/v2\/categories?post=14319"},{"taxonomy":"post_tag","embeddable":true,"href":"https:\/\/blogdorogeriogomes.com.br\/noticias\/wp-json\/wp\/v2\/tags?post=14319"}],"curies":[{"name":"wp","href":"https:\/\/api.w.org\/{rel}","templated":true}]}}