{"id":14322,"date":"2019-10-23T09:43:51","date_gmt":"2019-10-23T09:43:51","guid":{"rendered":"http:\/\/blogdorogeriogomes.com.br\/?p=14322"},"modified":"2019-10-23T09:43:51","modified_gmt":"2019-10-23T09:43:51","slug":"senado-aprova-reforma-da-previdencia-mudancas-passam-a-valer-apos-promulgacao","status":"publish","type":"post","link":"https:\/\/blogdorogeriogomes.com.br\/noticias\/2019\/10\/senado-aprova-reforma-da-previdencia-mudancas-passam-a-valer-apos-promulgacao\/","title":{"rendered":"Senado aprova reforma da Previd\u00eancia. Mudan\u00e7as passam a valer ap\u00f3s promulga\u00e7\u00e3o"},"content":{"rendered":"<p><img loading=\"lazy\" decoding=\"async\" class=\"alignnone size-medium wp-image-14323\" src=\"http:\/\/blogdorogeriogomes.com.br\/wp-content\/uploads\/2019\/10\/images-2019-10-23T063336.291-300x180.jpeg\" alt=\"images - 2019-10-23T063336.291\" width=\"300\" height=\"180\" srcset=\"https:\/\/blogdorogeriogomes.com.br\/noticias\/wp-content\/uploads\/2019\/10\/images-2019-10-23T063336.291-300x180.jpeg 300w, https:\/\/blogdorogeriogomes.com.br\/noticias\/wp-content\/uploads\/2019\/10\/images-2019-10-23T063336.291.jpeg 715w\" sizes=\"auto, (max-width: 300px) 100vw, 300px\" \/><\/p>\n<p>O Senado Federal aprovou o texto-base da reforma da Previd\u00eancia, na noite desta ter\u00e7a-feira, dia 22 de outubro, com 60 votos a favor e 19 contra, em segundo turno. O texto precisava de 49 votos para ser aprovado. Dos tr\u00eas senadores do Cear\u00e1, Eduardo Gir\u00e3o (PODE) e Tasso Jereissati (PSDB) votaram a favor, enquanto Cid Gomes (PDT) foi contra o projeto.<br \/>\nAgora, a PEC segue para ser promulgada e, na sequ\u00eancia, entrar\u00e1 em vigor. A principal mudan\u00e7a nas regras \u00e9 a idade m\u00ednima para aposentadoria, que passa a ser de 65 anos para homens e de 62 anos para mulheres. Para agentes da Pol\u00edcia Federal, Pol\u00edcia Civil do Distrito Federal, pol\u00edcias legislativas e agentes penitenci\u00e1rios federais a idade m\u00ednima ser\u00e1 de 55 anos. Tamb\u00e9m ser\u00e1 exigido o tempo m\u00ednimo de contribui\u00e7\u00e3o de 15 anos para mulheres e 20 anos para homens que est\u00e3o na iniciativa privada.<\/p>\n","protected":false},"excerpt":{"rendered":"<p>O Senado Federal aprovou o texto-base da reforma da Previd\u00eancia, na noite desta ter\u00e7a-feira, dia 22 de outubro, com 60 votos a favor e 19 contra, em segundo turno. O texto precisava de 49 votos para ser aprovado. Dos tr\u00eas senadores do Cear\u00e1, Eduardo Gir\u00e3o (PODE) e Tasso Jereissati (PSDB) votaram a favor, enquanto Cid Gomes (PDT) foi contra o projeto. Agora, a PEC segue para ser promulgada e, na sequ\u00eancia, entrar\u00e1 em vigor. A principal mudan\u00e7a nas regras&hellip;<\/p>\n","protected":false},"author":1,"featured_media":0,"comment_status":"open","ping_status":"open","sticky":false,"template":"","format":"standard","meta":{"footnotes":""},"categories":[1],"tags":[],"class_list":["post-14322","post","type-post","status-publish","format-standard","hentry","category-noticias"],"_links":{"self":[{"href":"https:\/\/blogdorogeriogomes.com.br\/noticias\/wp-json\/wp\/v2\/posts\/14322","targetHints":{"allow":["GET"]}}],"collection":[{"href":"https:\/\/blogdorogeriogomes.com.br\/noticias\/wp-json\/wp\/v2\/posts"}],"about":[{"href":"https:\/\/blogdorogeriogomes.com.br\/noticias\/wp-json\/wp\/v2\/types\/post"}],"author":[{"embeddable":true,"href":"https:\/\/blogdorogeriogomes.com.br\/noticias\/wp-json\/wp\/v2\/users\/1"}],"replies":[{"embeddable":true,"href":"https:\/\/blogdorogeriogomes.com.br\/noticias\/wp-json\/wp\/v2\/comments?post=14322"}],"version-history":[{"count":1,"href":"https:\/\/blogdorogeriogomes.com.br\/noticias\/wp-json\/wp\/v2\/posts\/14322\/revisions"}],"predecessor-version":[{"id":14324,"href":"https:\/\/blogdorogeriogomes.com.br\/noticias\/wp-json\/wp\/v2\/posts\/14322\/revisions\/14324"}],"wp:attachment":[{"href":"https:\/\/blogdorogeriogomes.com.br\/noticias\/wp-json\/wp\/v2\/media?parent=14322"}],"wp:term":[{"taxonomy":"category","embeddable":true,"href":"https:\/\/blogdorogeriogomes.com.br\/noticias\/wp-json\/wp\/v2\/categories?post=14322"},{"taxonomy":"post_tag","embeddable":true,"href":"https:\/\/blogdorogeriogomes.com.br\/noticias\/wp-json\/wp\/v2\/tags?post=14322"}],"curies":[{"name":"wp","href":"https:\/\/api.w.org\/{rel}","templated":true}]}}