{"id":14325,"date":"2019-10-23T10:13:13","date_gmt":"2019-10-23T10:13:13","guid":{"rendered":"http:\/\/blogdorogeriogomes.com.br\/?p=14325"},"modified":"2019-10-23T10:13:13","modified_gmt":"2019-10-23T10:13:13","slug":"portaria-define-novo-disciplinamento-para-visitas-em-unidades-penitenciarias-do-ceara","status":"publish","type":"post","link":"https:\/\/blogdorogeriogomes.com.br\/noticias\/2019\/10\/portaria-define-novo-disciplinamento-para-visitas-em-unidades-penitenciarias-do-ceara\/","title":{"rendered":"Portaria define novo disciplinamento para visitas em unidades penitenci\u00e1rias do Cear\u00e1"},"content":{"rendered":"<p><img loading=\"lazy\" decoding=\"async\" class=\"alignnone size-medium wp-image-14326\" src=\"http:\/\/blogdorogeriogomes.com.br\/wp-content\/uploads\/2019\/10\/1_img_2003_2452576-2453002-300x200.jpg\" alt=\"1_img_2003_2452576-2453002\" width=\"300\" height=\"200\" srcset=\"https:\/\/blogdorogeriogomes.com.br\/noticias\/wp-content\/uploads\/2019\/10\/1_img_2003_2452576-2453002-300x200.jpg 300w, https:\/\/blogdorogeriogomes.com.br\/noticias\/wp-content\/uploads\/2019\/10\/1_img_2003_2452576-2453002.jpg 750w\" sizes=\"auto, (max-width: 300px) 100vw, 300px\" \/><\/p>\n<p>Portaria publicada no Di\u00e1rio Oficial do Cear\u00e1, na \u00faltima segunda-feira, dia 21 de outubro, aumenta o rigor na permiss\u00e3o de visitas a presos nas unidades penitenci\u00e1rias do Estado. A Secretaria de Administra\u00e7\u00e3o Penitenci\u00e1ria visa disciplinar o sistema, atrav\u00e9s de regras mais r\u00edgidas, a fim de evitar rebeli\u00f5es e fugas.<br \/>\nEntre as novas medidas est\u00e1 a proibi\u00e7\u00e3o de visita intima em celas de unidades prisionais. S\u00f3 poder\u00e1 ocorrer visita \u00edntima agora em unidades que tenham local apropriado destinado para a finalidade e a crit\u00e9rio da administra\u00e7\u00e3o penitenci\u00e1ria. Para o cadastro do c\u00f4njuge ou companheiro ser\u00e3o exigidas a certid\u00e3o de casamento e escritura p\u00fablica declarat\u00f3ria de uni\u00e3o est\u00e1vel registrada em cart\u00f3rio.<br \/>\nO secret\u00e1rio de Administra\u00e7\u00e3o Penitenci\u00e1ria, Mauro Albuquerque, tamb\u00e9m limitou a entrada de crian\u00e7as em pres\u00eddios do Cear\u00e1. O n\u00famero de crian\u00e7as de 6 meses a 12 anos, filhas ou netas de internos, ser\u00e1 restrito a dois. Adolescentes menores de 18 anos s\u00f3 poder\u00e3o visitar na companhia do respons\u00e1vel legal.<br \/>\nOutra medida \u00e9 que as visitas a alas de seguran\u00e7a m\u00e1xima em penitenci\u00e1rias cearenses n\u00e3o ter\u00e3o mais contato f\u00edsico e ser\u00e3o realizadas apenas no parlat\u00f3rio, por meio do interfone.<\/p>\n<p>Foto: F\u00e1bio Lima\/O Povo<\/p>\n","protected":false},"excerpt":{"rendered":"<p>Portaria publicada no Di\u00e1rio Oficial do Cear\u00e1, na \u00faltima segunda-feira, dia 21 de outubro, aumenta o rigor na permiss\u00e3o de visitas a presos nas unidades penitenci\u00e1rias do Estado. A Secretaria de Administra\u00e7\u00e3o Penitenci\u00e1ria visa disciplinar o sistema, atrav\u00e9s de regras mais r\u00edgidas, a fim de evitar rebeli\u00f5es e fugas. Entre as novas medidas est\u00e1 a proibi\u00e7\u00e3o de visita intima em celas de unidades prisionais. S\u00f3 poder\u00e1 ocorrer visita \u00edntima agora em unidades que tenham local apropriado destinado para a&hellip;<\/p>\n","protected":false},"author":1,"featured_media":0,"comment_status":"open","ping_status":"open","sticky":false,"template":"","format":"standard","meta":{"footnotes":""},"categories":[1],"tags":[],"class_list":["post-14325","post","type-post","status-publish","format-standard","hentry","category-noticias"],"_links":{"self":[{"href":"https:\/\/blogdorogeriogomes.com.br\/noticias\/wp-json\/wp\/v2\/posts\/14325","targetHints":{"allow":["GET"]}}],"collection":[{"href":"https:\/\/blogdorogeriogomes.com.br\/noticias\/wp-json\/wp\/v2\/posts"}],"about":[{"href":"https:\/\/blogdorogeriogomes.com.br\/noticias\/wp-json\/wp\/v2\/types\/post"}],"author":[{"embeddable":true,"href":"https:\/\/blogdorogeriogomes.com.br\/noticias\/wp-json\/wp\/v2\/users\/1"}],"replies":[{"embeddable":true,"href":"https:\/\/blogdorogeriogomes.com.br\/noticias\/wp-json\/wp\/v2\/comments?post=14325"}],"version-history":[{"count":1,"href":"https:\/\/blogdorogeriogomes.com.br\/noticias\/wp-json\/wp\/v2\/posts\/14325\/revisions"}],"predecessor-version":[{"id":14327,"href":"https:\/\/blogdorogeriogomes.com.br\/noticias\/wp-json\/wp\/v2\/posts\/14325\/revisions\/14327"}],"wp:attachment":[{"href":"https:\/\/blogdorogeriogomes.com.br\/noticias\/wp-json\/wp\/v2\/media?parent=14325"}],"wp:term":[{"taxonomy":"category","embeddable":true,"href":"https:\/\/blogdorogeriogomes.com.br\/noticias\/wp-json\/wp\/v2\/categories?post=14325"},{"taxonomy":"post_tag","embeddable":true,"href":"https:\/\/blogdorogeriogomes.com.br\/noticias\/wp-json\/wp\/v2\/tags?post=14325"}],"curies":[{"name":"wp","href":"https:\/\/api.w.org\/{rel}","templated":true}]}}