{"id":14335,"date":"2019-10-24T08:54:50","date_gmt":"2019-10-24T08:54:50","guid":{"rendered":"http:\/\/blogdorogeriogomes.com.br\/?p=14335"},"modified":"2019-10-24T08:54:50","modified_gmt":"2019-10-24T08:54:50","slug":"camara-municipal-de-fortaleza-aprova-fundo-municipal-imobiliario","status":"publish","type":"post","link":"https:\/\/blogdorogeriogomes.com.br\/noticias\/2019\/10\/camara-municipal-de-fortaleza-aprova-fundo-municipal-imobiliario\/","title":{"rendered":"C\u00e2mara Municipal de Fortaleza aprova Fundo Municipal Imobili\u00e1rio"},"content":{"rendered":"<p><img loading=\"lazy\" decoding=\"async\" class=\"alignnone size-medium wp-image-14336\" src=\"http:\/\/blogdorogeriogomes.com.br\/wp-content\/uploads\/2019\/10\/DSC_1043-300x199.jpg\" alt=\"DSC_1043\" width=\"300\" height=\"199\" srcset=\"https:\/\/blogdorogeriogomes.com.br\/noticias\/wp-content\/uploads\/2019\/10\/DSC_1043-300x199.jpg 300w, https:\/\/blogdorogeriogomes.com.br\/noticias\/wp-content\/uploads\/2019\/10\/DSC_1043-768x510.jpg 768w, https:\/\/blogdorogeriogomes.com.br\/noticias\/wp-content\/uploads\/2019\/10\/DSC_1043-1024x680.jpg 1024w\" sizes=\"auto, (max-width: 300px) 100vw, 300px\" \/><\/p>\n<p><span style=\"font-weight: 400;\">A C\u00e2mara Municipal de Fortaleza aprovou, nesta quarta-feira, dia 23 de outubro, o Fundo Municipal Imobili\u00e1rio, autorizando a desafeta\u00e7\u00e3o e aliena\u00e7\u00e3o de bens p\u00fablicos. Na pr\u00e1tica, autoriza a Prefeitura da Capital a vender im\u00f3veis p\u00fablicos que n\u00e3o est\u00e3o sendo utilizados.<\/span><\/p>\n<p><span style=\"font-weight: 400;\">Segundo o Munic\u00edpio, h\u00e1 uma lista de 20 propriedades priorit\u00e1rias para venda. A expectativa de arrecada\u00e7\u00e3o \u00e9 de R$ 40 milh\u00f5es reais. A proposta ainda deve voltar ao Plen\u00e1rio da C\u00e2mara dos Vereadores para vota\u00e7\u00e3o em segunda discuss\u00e3o.<\/span><\/p>\n","protected":false},"excerpt":{"rendered":"<p>A C\u00e2mara Municipal de Fortaleza aprovou, nesta quarta-feira, dia 23 de outubro, o Fundo Municipal Imobili\u00e1rio, autorizando a desafeta\u00e7\u00e3o e aliena\u00e7\u00e3o de bens p\u00fablicos. Na pr\u00e1tica, autoriza a Prefeitura da Capital a vender im\u00f3veis p\u00fablicos que n\u00e3o est\u00e3o sendo utilizados. Segundo o Munic\u00edpio, h\u00e1 uma lista de 20 propriedades priorit\u00e1rias para venda. A expectativa de arrecada\u00e7\u00e3o \u00e9 de R$ 40 milh\u00f5es reais. A proposta ainda deve voltar ao Plen\u00e1rio da C\u00e2mara dos Vereadores para vota\u00e7\u00e3o em segunda discuss\u00e3o.<\/p>\n","protected":false},"author":1,"featured_media":0,"comment_status":"open","ping_status":"open","sticky":false,"template":"","format":"standard","meta":{"footnotes":""},"categories":[1],"tags":[],"class_list":["post-14335","post","type-post","status-publish","format-standard","hentry","category-noticias"],"_links":{"self":[{"href":"https:\/\/blogdorogeriogomes.com.br\/noticias\/wp-json\/wp\/v2\/posts\/14335","targetHints":{"allow":["GET"]}}],"collection":[{"href":"https:\/\/blogdorogeriogomes.com.br\/noticias\/wp-json\/wp\/v2\/posts"}],"about":[{"href":"https:\/\/blogdorogeriogomes.com.br\/noticias\/wp-json\/wp\/v2\/types\/post"}],"author":[{"embeddable":true,"href":"https:\/\/blogdorogeriogomes.com.br\/noticias\/wp-json\/wp\/v2\/users\/1"}],"replies":[{"embeddable":true,"href":"https:\/\/blogdorogeriogomes.com.br\/noticias\/wp-json\/wp\/v2\/comments?post=14335"}],"version-history":[{"count":1,"href":"https:\/\/blogdorogeriogomes.com.br\/noticias\/wp-json\/wp\/v2\/posts\/14335\/revisions"}],"predecessor-version":[{"id":14337,"href":"https:\/\/blogdorogeriogomes.com.br\/noticias\/wp-json\/wp\/v2\/posts\/14335\/revisions\/14337"}],"wp:attachment":[{"href":"https:\/\/blogdorogeriogomes.com.br\/noticias\/wp-json\/wp\/v2\/media?parent=14335"}],"wp:term":[{"taxonomy":"category","embeddable":true,"href":"https:\/\/blogdorogeriogomes.com.br\/noticias\/wp-json\/wp\/v2\/categories?post=14335"},{"taxonomy":"post_tag","embeddable":true,"href":"https:\/\/blogdorogeriogomes.com.br\/noticias\/wp-json\/wp\/v2\/tags?post=14335"}],"curies":[{"name":"wp","href":"https:\/\/api.w.org\/{rel}","templated":true}]}}