{"id":14338,"date":"2019-10-24T10:16:18","date_gmt":"2019-10-24T10:16:18","guid":{"rendered":"http:\/\/blogdorogeriogomes.com.br\/?p=14338"},"modified":"2019-10-24T10:16:18","modified_gmt":"2019-10-24T10:16:18","slug":"lava-jato-pede-anulacao-da-sentenca-do-ex-presidente-lula-no-caso-do-sitio-de-atibaia","status":"publish","type":"post","link":"https:\/\/blogdorogeriogomes.com.br\/noticias\/2019\/10\/lava-jato-pede-anulacao-da-sentenca-do-ex-presidente-lula-no-caso-do-sitio-de-atibaia\/","title":{"rendered":"Lava Jato pede anula\u00e7\u00e3o da senten\u00e7a do ex-presidente Lula no caso do s\u00edtio de Atibaia"},"content":{"rendered":"<p><img loading=\"lazy\" decoding=\"async\" class=\"alignnone size-medium wp-image-14339\" src=\"http:\/\/blogdorogeriogomes.com.br\/wp-content\/uploads\/2019\/10\/images-3-300x185.jpeg\" alt=\"images (3)\" width=\"300\" height=\"185\" srcset=\"https:\/\/blogdorogeriogomes.com.br\/noticias\/wp-content\/uploads\/2019\/10\/images-3-300x185.jpeg 300w, https:\/\/blogdorogeriogomes.com.br\/noticias\/wp-content\/uploads\/2019\/10\/images-3.jpeg 705w\" sizes=\"auto, (max-width: 300px) 100vw, 300px\" \/><\/p>\n<p>Os procuradores da For\u00e7a-Tarefa da Lava Jato enviaram na noite desta quarta-feira, dia 23 de outubro, um pedido para que o TRF-4 (Tribunal Regional Federal da 4\u00aa Regi\u00e3o) anule a senten\u00e7a do ex-presidente Lula (PT) no caso do s\u00edtio de Atibaia (SP). No processo, Lula foi condenado a mais de 12 anos de pris\u00e3o<br \/>\nO pedido, segundo o Minist\u00e9rio P\u00fablico, acontece para cumprir a regra determinada pelo STF sobre a ordem de pronunciamento dos r\u00e9us. Decidiu-se que, em processo com delatores, os acusados precisam ser ouvidos por \u00faltimo, de modo a poderem se defender de eventuais acusa\u00e7\u00f5es.<\/p>\n","protected":false},"excerpt":{"rendered":"<p>Os procuradores da For\u00e7a-Tarefa da Lava Jato enviaram na noite desta quarta-feira, dia 23 de outubro, um pedido para que o TRF-4 (Tribunal Regional Federal da 4\u00aa Regi\u00e3o) anule a senten\u00e7a do ex-presidente Lula (PT) no caso do s\u00edtio de Atibaia (SP). No processo, Lula foi condenado a mais de 12 anos de pris\u00e3o O pedido, segundo o Minist\u00e9rio P\u00fablico, acontece para cumprir a regra determinada pelo STF sobre a ordem de pronunciamento dos r\u00e9us. Decidiu-se que, em processo&hellip;<\/p>\n","protected":false},"author":1,"featured_media":0,"comment_status":"open","ping_status":"open","sticky":false,"template":"","format":"standard","meta":{"footnotes":""},"categories":[1],"tags":[],"class_list":["post-14338","post","type-post","status-publish","format-standard","hentry","category-noticias"],"_links":{"self":[{"href":"https:\/\/blogdorogeriogomes.com.br\/noticias\/wp-json\/wp\/v2\/posts\/14338","targetHints":{"allow":["GET"]}}],"collection":[{"href":"https:\/\/blogdorogeriogomes.com.br\/noticias\/wp-json\/wp\/v2\/posts"}],"about":[{"href":"https:\/\/blogdorogeriogomes.com.br\/noticias\/wp-json\/wp\/v2\/types\/post"}],"author":[{"embeddable":true,"href":"https:\/\/blogdorogeriogomes.com.br\/noticias\/wp-json\/wp\/v2\/users\/1"}],"replies":[{"embeddable":true,"href":"https:\/\/blogdorogeriogomes.com.br\/noticias\/wp-json\/wp\/v2\/comments?post=14338"}],"version-history":[{"count":1,"href":"https:\/\/blogdorogeriogomes.com.br\/noticias\/wp-json\/wp\/v2\/posts\/14338\/revisions"}],"predecessor-version":[{"id":14340,"href":"https:\/\/blogdorogeriogomes.com.br\/noticias\/wp-json\/wp\/v2\/posts\/14338\/revisions\/14340"}],"wp:attachment":[{"href":"https:\/\/blogdorogeriogomes.com.br\/noticias\/wp-json\/wp\/v2\/media?parent=14338"}],"wp:term":[{"taxonomy":"category","embeddable":true,"href":"https:\/\/blogdorogeriogomes.com.br\/noticias\/wp-json\/wp\/v2\/categories?post=14338"},{"taxonomy":"post_tag","embeddable":true,"href":"https:\/\/blogdorogeriogomes.com.br\/noticias\/wp-json\/wp\/v2\/tags?post=14338"}],"curies":[{"name":"wp","href":"https:\/\/api.w.org\/{rel}","templated":true}]}}