{"id":14341,"date":"2019-10-24T18:53:02","date_gmt":"2019-10-24T18:53:02","guid":{"rendered":"http:\/\/blogdorogeriogomes.com.br\/?p=14341"},"modified":"2019-10-24T18:53:02","modified_gmt":"2019-10-24T18:53:02","slug":"obras-da-linha-leste-do-metro-de-fortaleza-ja-contam-com-quatro-de-cinco-estacoes-em-execucao","status":"publish","type":"post","link":"https:\/\/blogdorogeriogomes.com.br\/noticias\/2019\/10\/obras-da-linha-leste-do-metro-de-fortaleza-ja-contam-com-quatro-de-cinco-estacoes-em-execucao\/","title":{"rendered":"Obras da Linha Leste do Metr\u00f4 de Fortaleza j\u00e1 contam com quatro de cinco esta\u00e7\u00f5es em execu\u00e7\u00e3o"},"content":{"rendered":"<p><img loading=\"lazy\" decoding=\"async\" class=\"alignnone size-medium wp-image-14342\" src=\"http:\/\/blogdorogeriogomes.com.br\/wp-content\/uploads\/2019\/10\/images-2019-10-24T154230.107-300x168.jpeg\" alt=\"images - 2019-10-24T154230.107\" width=\"300\" height=\"168\" srcset=\"https:\/\/blogdorogeriogomes.com.br\/noticias\/wp-content\/uploads\/2019\/10\/images-2019-10-24T154230.107-300x168.jpeg 300w, https:\/\/blogdorogeriogomes.com.br\/noticias\/wp-content\/uploads\/2019\/10\/images-2019-10-24T154230.107.jpeg 739w\" sizes=\"auto, (max-width: 300px) 100vw, 300px\" \/><\/p>\n<p>As obras da Linha Leste do Metr\u00f4 de Fortaleza, que vai ligar o Centro ao Papicu com 7 quil\u00f4metros e 300 metros de extens\u00e3o, j\u00e1 contam com quatro de cinco esta\u00e7\u00f5es em execu\u00e7\u00e3o. O equipamento ser\u00e1 totalmente subterr\u00e2neo com a escava\u00e7\u00e3o sendo feita pelas tuneladoras, os chamados &#8220;tatuz\u00f5es&#8221;.<br \/>\nA constru\u00e7\u00e3o da Esta\u00e7\u00e3o Nunes Valente, no bairro Aldeota, vai causar interdi\u00e7\u00e3o no tr\u00e2nsito a partir deste domingo, no trecho da avenida Santos Dumont, entre as ruas Tib\u00farcio Cavalcante e Nunes Valente.<br \/>\nA previs\u00e3o \u00e9 que o bloqueio no local seja liberado em doze meses. A Empresa de Transporte Urbano de Fortaleza (Etufor) informou que 26 linhas de \u00f4nibus ter\u00e3o itiner\u00e1rio alterado.<br \/>\nA conclus\u00e3o de toda a Linha Leste do Metr\u00f4 de Fortaleza est\u00e1 prevista para 2022.<\/p>\n","protected":false},"excerpt":{"rendered":"<p>As obras da Linha Leste do Metr\u00f4 de Fortaleza, que vai ligar o Centro ao Papicu com 7 quil\u00f4metros e 300 metros de extens\u00e3o, j\u00e1 contam com quatro de cinco esta\u00e7\u00f5es em execu\u00e7\u00e3o. O equipamento ser\u00e1 totalmente subterr\u00e2neo com a escava\u00e7\u00e3o sendo feita pelas tuneladoras, os chamados &#8220;tatuz\u00f5es&#8221;. A constru\u00e7\u00e3o da Esta\u00e7\u00e3o Nunes Valente, no bairro Aldeota, vai causar interdi\u00e7\u00e3o no tr\u00e2nsito a partir deste domingo, no trecho da avenida Santos Dumont, entre as ruas Tib\u00farcio Cavalcante e Nunes&hellip;<\/p>\n","protected":false},"author":1,"featured_media":0,"comment_status":"open","ping_status":"open","sticky":false,"template":"","format":"standard","meta":{"footnotes":""},"categories":[1],"tags":[],"class_list":["post-14341","post","type-post","status-publish","format-standard","hentry","category-noticias"],"_links":{"self":[{"href":"https:\/\/blogdorogeriogomes.com.br\/noticias\/wp-json\/wp\/v2\/posts\/14341","targetHints":{"allow":["GET"]}}],"collection":[{"href":"https:\/\/blogdorogeriogomes.com.br\/noticias\/wp-json\/wp\/v2\/posts"}],"about":[{"href":"https:\/\/blogdorogeriogomes.com.br\/noticias\/wp-json\/wp\/v2\/types\/post"}],"author":[{"embeddable":true,"href":"https:\/\/blogdorogeriogomes.com.br\/noticias\/wp-json\/wp\/v2\/users\/1"}],"replies":[{"embeddable":true,"href":"https:\/\/blogdorogeriogomes.com.br\/noticias\/wp-json\/wp\/v2\/comments?post=14341"}],"version-history":[{"count":1,"href":"https:\/\/blogdorogeriogomes.com.br\/noticias\/wp-json\/wp\/v2\/posts\/14341\/revisions"}],"predecessor-version":[{"id":14343,"href":"https:\/\/blogdorogeriogomes.com.br\/noticias\/wp-json\/wp\/v2\/posts\/14341\/revisions\/14343"}],"wp:attachment":[{"href":"https:\/\/blogdorogeriogomes.com.br\/noticias\/wp-json\/wp\/v2\/media?parent=14341"}],"wp:term":[{"taxonomy":"category","embeddable":true,"href":"https:\/\/blogdorogeriogomes.com.br\/noticias\/wp-json\/wp\/v2\/categories?post=14341"},{"taxonomy":"post_tag","embeddable":true,"href":"https:\/\/blogdorogeriogomes.com.br\/noticias\/wp-json\/wp\/v2\/tags?post=14341"}],"curies":[{"name":"wp","href":"https:\/\/api.w.org\/{rel}","templated":true}]}}