{"id":14347,"date":"2019-10-25T08:32:05","date_gmt":"2019-10-25T08:32:05","guid":{"rendered":"http:\/\/blogdorogeriogomes.com.br\/?p=14347"},"modified":"2019-10-25T08:32:05","modified_gmt":"2019-10-25T08:32:05","slug":"stf-so-deve-concluir-votacao-sobre-prisao-em-segunda-instancia-no-mes-de-novembro","status":"publish","type":"post","link":"https:\/\/blogdorogeriogomes.com.br\/noticias\/2019\/10\/stf-so-deve-concluir-votacao-sobre-prisao-em-segunda-instancia-no-mes-de-novembro\/","title":{"rendered":"STF s\u00f3 deve concluir vota\u00e7\u00e3o sobre pris\u00e3o em segunda inst\u00e2ncia no m\u00eas de novembro"},"content":{"rendered":"<p><img loading=\"lazy\" decoding=\"async\" class=\"alignnone size-medium wp-image-14349\" src=\"http:\/\/blogdorogeriogomes.com.br\/wp-content\/uploads\/2019\/10\/images-2019-10-25T052634.946-300x200.jpeg\" alt=\"images - 2019-10-25T052634.946\" width=\"300\" height=\"200\" srcset=\"https:\/\/blogdorogeriogomes.com.br\/noticias\/wp-content\/uploads\/2019\/10\/images-2019-10-25T052634.946-300x200.jpeg 300w, https:\/\/blogdorogeriogomes.com.br\/noticias\/wp-content\/uploads\/2019\/10\/images-2019-10-25T052634.946.jpeg 678w\" sizes=\"auto, (max-width: 300px) 100vw, 300px\" \/><\/p>\n<p>O resultado final do julgamento no Supremo Tribunal Federal (STF) sobre a possibilidade de pris\u00e3o ap\u00f3s condena\u00e7\u00e3o em segunda inst\u00e2ncia ficou para novembro. Nesta quinta-feira, dia 24 de outubro, a sess\u00e3o foi suspensa com um placar de 4 votos a 3 a favor da execu\u00e7\u00e3o antecipada da pena. A medida \u00e9 considerada um dos pilares da Opera\u00e7\u00e3o Lava Jato e um dos instrumentos que incentivou acordos de colabora\u00e7\u00e3o premiada.<br \/>\nA an\u00e1lise dever\u00e1 ser retomada no dia 6 ou 7 de novembro, afirmou ao fim da sess\u00e3o o presidente da Corte, ministro Dias Toffoli. A data precisa ser\u00e1 anunciada por Toffoli na pr\u00f3xima segunda-feira.<br \/>\nCom o voto da ministra Rosa Weber contr\u00e1rio \u00e0 pris\u00e3o ap\u00f3s condena\u00e7\u00e3o em segunda inst\u00e2ncia, ontem, a posi\u00e7\u00e3o de Toffoli dever\u00e1 definir o placar do julgamento.<\/p>\n","protected":false},"excerpt":{"rendered":"<p>O resultado final do julgamento no Supremo Tribunal Federal (STF) sobre a possibilidade de pris\u00e3o ap\u00f3s condena\u00e7\u00e3o em segunda inst\u00e2ncia ficou para novembro. Nesta quinta-feira, dia 24 de outubro, a sess\u00e3o foi suspensa com um placar de 4 votos a 3 a favor da execu\u00e7\u00e3o antecipada da pena. A medida \u00e9 considerada um dos pilares da Opera\u00e7\u00e3o Lava Jato e um dos instrumentos que incentivou acordos de colabora\u00e7\u00e3o premiada. A an\u00e1lise dever\u00e1 ser retomada no dia 6 ou 7&hellip;<\/p>\n","protected":false},"author":1,"featured_media":0,"comment_status":"open","ping_status":"open","sticky":false,"template":"","format":"standard","meta":{"footnotes":""},"categories":[1],"tags":[],"class_list":["post-14347","post","type-post","status-publish","format-standard","hentry","category-noticias"],"_links":{"self":[{"href":"https:\/\/blogdorogeriogomes.com.br\/noticias\/wp-json\/wp\/v2\/posts\/14347","targetHints":{"allow":["GET"]}}],"collection":[{"href":"https:\/\/blogdorogeriogomes.com.br\/noticias\/wp-json\/wp\/v2\/posts"}],"about":[{"href":"https:\/\/blogdorogeriogomes.com.br\/noticias\/wp-json\/wp\/v2\/types\/post"}],"author":[{"embeddable":true,"href":"https:\/\/blogdorogeriogomes.com.br\/noticias\/wp-json\/wp\/v2\/users\/1"}],"replies":[{"embeddable":true,"href":"https:\/\/blogdorogeriogomes.com.br\/noticias\/wp-json\/wp\/v2\/comments?post=14347"}],"version-history":[{"count":1,"href":"https:\/\/blogdorogeriogomes.com.br\/noticias\/wp-json\/wp\/v2\/posts\/14347\/revisions"}],"predecessor-version":[{"id":14350,"href":"https:\/\/blogdorogeriogomes.com.br\/noticias\/wp-json\/wp\/v2\/posts\/14347\/revisions\/14350"}],"wp:attachment":[{"href":"https:\/\/blogdorogeriogomes.com.br\/noticias\/wp-json\/wp\/v2\/media?parent=14347"}],"wp:term":[{"taxonomy":"category","embeddable":true,"href":"https:\/\/blogdorogeriogomes.com.br\/noticias\/wp-json\/wp\/v2\/categories?post=14347"},{"taxonomy":"post_tag","embeddable":true,"href":"https:\/\/blogdorogeriogomes.com.br\/noticias\/wp-json\/wp\/v2\/tags?post=14347"}],"curies":[{"name":"wp","href":"https:\/\/api.w.org\/{rel}","templated":true}]}}