{"id":14355,"date":"2019-10-26T16:17:26","date_gmt":"2019-10-26T16:17:26","guid":{"rendered":"http:\/\/blogdorogeriogomes.com.br\/?p=14355"},"modified":"2019-10-26T16:17:26","modified_gmt":"2019-10-26T16:17:26","slug":"protestos-no-chile-sao-exemplo-para-o-brasil-de-que-modelo-economico-equivocado-pode-gerar-revolta-na-populacao-mais-pobre","status":"publish","type":"post","link":"https:\/\/blogdorogeriogomes.com.br\/noticias\/2019\/10\/protestos-no-chile-sao-exemplo-para-o-brasil-de-que-modelo-economico-equivocado-pode-gerar-revolta-na-populacao-mais-pobre\/","title":{"rendered":"Protestos no Chile s\u00e3o exemplo para o Brasil de que modelo econ\u00f4mico equivocado pode gerar revolta na popula\u00e7\u00e3o mais pobre"},"content":{"rendered":"<p><img loading=\"lazy\" decoding=\"async\" class=\"alignnone size-medium wp-image-14356\" src=\"http:\/\/blogdorogeriogomes.com.br\/wp-content\/uploads\/2019\/10\/santiago-300x205.jpg\" alt=\"santiago\" width=\"300\" height=\"205\" srcset=\"https:\/\/blogdorogeriogomes.com.br\/noticias\/wp-content\/uploads\/2019\/10\/santiago-300x205.jpg 300w, https:\/\/blogdorogeriogomes.com.br\/noticias\/wp-content\/uploads\/2019\/10\/santiago-768x524.jpg 768w, https:\/\/blogdorogeriogomes.com.br\/noticias\/wp-content\/uploads\/2019\/10\/santiago.jpg 996w\" sizes=\"auto, (max-width: 300px) 100vw, 300px\" \/><\/p>\n<p><span style=\"font-weight: 400;\">Os protestos populares que tomaram conta do Chile h\u00e1 mais de uma semana colocam em d\u00favida o modelo econ\u00f4mico neoliberal adotado pelo presidente chileno Sebasti\u00e1n Pi\u00f1era. O empobrecimento da popula\u00e7\u00e3o em geral, incluindo aposentados atingidos pelo modelo de capitaliza\u00e7\u00e3o adotado pelo Governo do Chile, causa uma revolta generalizada.<\/span><\/p>\n<p><span style=\"font-weight: 400;\">Neste s\u00e1bado, dia 26 de outubro, o presidente chileno pediu a ren\u00fancia de todos os seus ministros para projetar um novo gabinete, depois de uma semana de fortes mobiliza\u00e7\u00f5es nas ruas.<\/span><\/p>\n<p><span style=\"font-weight: 400;\">O modelo econ\u00f4mico fracassado do Chile \u00e9 o mesmo defendido pelo ministro da Economia do Brasil, Paulo Guedes, incluindo o sistema de capitaliza\u00e7\u00e3o para futuras aposentadorias. Que o Brasil n\u00e3o venha a se tornar um Chile do amanh\u00e3.<\/span><\/p>\n<p><span style=\"font-weight: 400;\">Os governos de direita na Am\u00e9rica do Sul precisam reconhecer os erros que v\u00eam cometendo diante das derrotas sofridas em elei\u00e7\u00f5es na Bol\u00edvia e Argentina, al\u00e9m da agita\u00e7\u00e3o pol\u00edtica no Equador e no Chile.\u00a0<\/span><\/p>\n<p><span style=\"font-weight: 400;\">No Brasil, o presidente Jair Bolsonaro segue no mesmo rumo e a esquerda n\u00e3o tem tido a necessidade de fazer nem oposi\u00e7\u00e3o a um projeto que se mostra devastador para as classes sociais mais pobres, como se v\u00ea em pa\u00edses vizinhos.<\/span><\/p>\n","protected":false},"excerpt":{"rendered":"<p>Os protestos populares que tomaram conta do Chile h\u00e1 mais de uma semana colocam em d\u00favida o modelo econ\u00f4mico neoliberal adotado pelo presidente chileno Sebasti\u00e1n Pi\u00f1era. O empobrecimento da popula\u00e7\u00e3o em geral, incluindo aposentados atingidos pelo modelo de capitaliza\u00e7\u00e3o adotado pelo Governo do Chile, causa uma revolta generalizada. Neste s\u00e1bado, dia 26 de outubro, o presidente chileno pediu a ren\u00fancia de todos os seus ministros para projetar um novo gabinete, depois de uma semana de fortes mobiliza\u00e7\u00f5es nas ruas.&hellip;<\/p>\n","protected":false},"author":1,"featured_media":0,"comment_status":"open","ping_status":"open","sticky":false,"template":"","format":"standard","meta":{"footnotes":""},"categories":[1],"tags":[],"class_list":["post-14355","post","type-post","status-publish","format-standard","hentry","category-noticias"],"_links":{"self":[{"href":"https:\/\/blogdorogeriogomes.com.br\/noticias\/wp-json\/wp\/v2\/posts\/14355","targetHints":{"allow":["GET"]}}],"collection":[{"href":"https:\/\/blogdorogeriogomes.com.br\/noticias\/wp-json\/wp\/v2\/posts"}],"about":[{"href":"https:\/\/blogdorogeriogomes.com.br\/noticias\/wp-json\/wp\/v2\/types\/post"}],"author":[{"embeddable":true,"href":"https:\/\/blogdorogeriogomes.com.br\/noticias\/wp-json\/wp\/v2\/users\/1"}],"replies":[{"embeddable":true,"href":"https:\/\/blogdorogeriogomes.com.br\/noticias\/wp-json\/wp\/v2\/comments?post=14355"}],"version-history":[{"count":1,"href":"https:\/\/blogdorogeriogomes.com.br\/noticias\/wp-json\/wp\/v2\/posts\/14355\/revisions"}],"predecessor-version":[{"id":14357,"href":"https:\/\/blogdorogeriogomes.com.br\/noticias\/wp-json\/wp\/v2\/posts\/14355\/revisions\/14357"}],"wp:attachment":[{"href":"https:\/\/blogdorogeriogomes.com.br\/noticias\/wp-json\/wp\/v2\/media?parent=14355"}],"wp:term":[{"taxonomy":"category","embeddable":true,"href":"https:\/\/blogdorogeriogomes.com.br\/noticias\/wp-json\/wp\/v2\/categories?post=14355"},{"taxonomy":"post_tag","embeddable":true,"href":"https:\/\/blogdorogeriogomes.com.br\/noticias\/wp-json\/wp\/v2\/tags?post=14355"}],"curies":[{"name":"wp","href":"https:\/\/api.w.org\/{rel}","templated":true}]}}