{"id":14358,"date":"2019-10-26T16:37:26","date_gmt":"2019-10-26T16:37:26","guid":{"rendered":"http:\/\/blogdorogeriogomes.com.br\/?p=14358"},"modified":"2019-10-26T16:37:26","modified_gmt":"2019-10-26T16:37:26","slug":"camara-municipal-de-fortaleza-deve-colocar-em-pauta-projeto-sobre-liberdade-de-catedra-para-professores-da-rede-municipal","status":"publish","type":"post","link":"https:\/\/blogdorogeriogomes.com.br\/noticias\/2019\/10\/camara-municipal-de-fortaleza-deve-colocar-em-pauta-projeto-sobre-liberdade-de-catedra-para-professores-da-rede-municipal\/","title":{"rendered":"C\u00e2mara Municipal de Fortaleza deve colocar em pauta projeto sobre liberdade de c\u00e1tedra para professores da rede municipal"},"content":{"rendered":"<p><img loading=\"lazy\" decoding=\"async\" class=\"alignnone size-medium wp-image-14359\" src=\"http:\/\/blogdorogeriogomes.com.br\/wp-content\/uploads\/2019\/10\/IMG_6076-300x200.jpg\" alt=\"IMG_6076\" width=\"300\" height=\"200\" srcset=\"https:\/\/blogdorogeriogomes.com.br\/noticias\/wp-content\/uploads\/2019\/10\/IMG_6076-300x200.jpg 300w, https:\/\/blogdorogeriogomes.com.br\/noticias\/wp-content\/uploads\/2019\/10\/IMG_6076-768x512.jpg 768w, https:\/\/blogdorogeriogomes.com.br\/noticias\/wp-content\/uploads\/2019\/10\/IMG_6076-1024x683.jpg 1024w\" sizes=\"auto, (max-width: 300px) 100vw, 300px\" \/><\/p>\n<p>A C\u00e2mara Municipal de Fortaleza deve colocar em pauta, na pr\u00f3xima ter\u00e7a-feira, dia 29 de outubro, o projeto de lei que disp\u00f5e sobre a liberdade de c\u00e1tedra para professores da rede municipal de ensino. De autoria do vereador e presidente da Comiss\u00e3o de Educa\u00e7\u00e3o na Casa, Evaldo Lima (PCdoB), a mat\u00e9ria prop\u00f5e objetivamente impedir qualquer tipo de viol\u00eancia ou persegui\u00e7\u00e3o aos profissionais da sala de aula, garantindo aos educadores livres formas de ensinar e pensar no ambiente escolar. Na \u00faltima quinta-feira, a Comiss\u00e3o de Constitui\u00e7\u00e3o e Justi\u00e7a do Legislativo rejeitou cinco emendas do vereador Jorge Pinheiro que visava proibir &#8220;ideologia de g\u00eanero&#8221; nas escolas. As emendas modificariam a natureza da proposta original do projeto, que em nenhum trecho das duas p\u00e1ginas de documento aborda a quest\u00e3o.<\/p>\n","protected":false},"excerpt":{"rendered":"<p>A C\u00e2mara Municipal de Fortaleza deve colocar em pauta, na pr\u00f3xima ter\u00e7a-feira, dia 29 de outubro, o projeto de lei que disp\u00f5e sobre a liberdade de c\u00e1tedra para professores da rede municipal de ensino. De autoria do vereador e presidente da Comiss\u00e3o de Educa\u00e7\u00e3o na Casa, Evaldo Lima (PCdoB), a mat\u00e9ria prop\u00f5e objetivamente impedir qualquer tipo de viol\u00eancia ou persegui\u00e7\u00e3o aos profissionais da sala de aula, garantindo aos educadores livres formas de ensinar e pensar no ambiente escolar. Na&hellip;<\/p>\n","protected":false},"author":1,"featured_media":0,"comment_status":"open","ping_status":"open","sticky":false,"template":"","format":"standard","meta":{"footnotes":""},"categories":[1],"tags":[],"class_list":["post-14358","post","type-post","status-publish","format-standard","hentry","category-noticias"],"_links":{"self":[{"href":"https:\/\/blogdorogeriogomes.com.br\/noticias\/wp-json\/wp\/v2\/posts\/14358","targetHints":{"allow":["GET"]}}],"collection":[{"href":"https:\/\/blogdorogeriogomes.com.br\/noticias\/wp-json\/wp\/v2\/posts"}],"about":[{"href":"https:\/\/blogdorogeriogomes.com.br\/noticias\/wp-json\/wp\/v2\/types\/post"}],"author":[{"embeddable":true,"href":"https:\/\/blogdorogeriogomes.com.br\/noticias\/wp-json\/wp\/v2\/users\/1"}],"replies":[{"embeddable":true,"href":"https:\/\/blogdorogeriogomes.com.br\/noticias\/wp-json\/wp\/v2\/comments?post=14358"}],"version-history":[{"count":1,"href":"https:\/\/blogdorogeriogomes.com.br\/noticias\/wp-json\/wp\/v2\/posts\/14358\/revisions"}],"predecessor-version":[{"id":14360,"href":"https:\/\/blogdorogeriogomes.com.br\/noticias\/wp-json\/wp\/v2\/posts\/14358\/revisions\/14360"}],"wp:attachment":[{"href":"https:\/\/blogdorogeriogomes.com.br\/noticias\/wp-json\/wp\/v2\/media?parent=14358"}],"wp:term":[{"taxonomy":"category","embeddable":true,"href":"https:\/\/blogdorogeriogomes.com.br\/noticias\/wp-json\/wp\/v2\/categories?post=14358"},{"taxonomy":"post_tag","embeddable":true,"href":"https:\/\/blogdorogeriogomes.com.br\/noticias\/wp-json\/wp\/v2\/tags?post=14358"}],"curies":[{"name":"wp","href":"https:\/\/api.w.org\/{rel}","templated":true}]}}