{"id":14361,"date":"2019-10-27T11:33:43","date_gmt":"2019-10-27T11:33:43","guid":{"rendered":"http:\/\/blogdorogeriogomes.com.br\/?p=14361"},"modified":"2019-10-27T11:33:43","modified_gmt":"2019-10-27T11:33:43","slug":"marina-silva-critica-governo-federal-no-caso-das-manchas-de-oleo-no-nordeste-e-defende-impeachment-de-ministro","status":"publish","type":"post","link":"https:\/\/blogdorogeriogomes.com.br\/noticias\/2019\/10\/marina-silva-critica-governo-federal-no-caso-das-manchas-de-oleo-no-nordeste-e-defende-impeachment-de-ministro\/","title":{"rendered":"Marina Silva critica Governo Federal no caso das manchas de \u00f3leo no Nordeste e defende impeachment de ministro"},"content":{"rendered":"<p><img loading=\"lazy\" decoding=\"async\" class=\"alignnone size-medium wp-image-14362\" src=\"http:\/\/blogdorogeriogomes.com.br\/wp-content\/uploads\/2019\/10\/images-2019-10-27T082413.037-300x178.jpeg\" alt=\"images - 2019-10-27T082413.037\" width=\"300\" height=\"178\" srcset=\"https:\/\/blogdorogeriogomes.com.br\/noticias\/wp-content\/uploads\/2019\/10\/images-2019-10-27T082413.037-300x178.jpeg 300w, https:\/\/blogdorogeriogomes.com.br\/noticias\/wp-content\/uploads\/2019\/10\/images-2019-10-27T082413.037.jpeg 720w\" sizes=\"auto, (max-width: 300px) 100vw, 300px\" \/><\/p>\n<p>Acusada nas redes sociais de sumir ap\u00f3s mais uma campanha presidencial, a ex-ministro Marina Silva se manifestou, na semana que passou, a respeito dos desmandos do Governo Federal quanto a quest\u00e3o ambiental. Primeiro, foi o aumento de queimadas na Amaz\u00f4nia. Agora, o avan\u00e7o de manchas de \u00f3leo no litoral do Nordeste. Nos dois casos, Marina critica a falta de a\u00e7\u00e3o do governo.<br \/>\n&#8220;A sociedade brasileira est\u00e1 convivendo com uma situa\u00e7\u00e3o que \u00e9 in\u00e9dita. \u00c9 a primeira vez que temos um governo que faz discurso contr\u00e1rio \u00e0 prote\u00e7\u00e3o do meio ambiente, que estimula o dano ambiental e at\u00e9 sinaliza em premiar quem comete crimes&#8221;, disse Marina, em entrevista ao Portal UOL.<br \/>\nMarina Silva defende o impeachment do ministro do Meio Ambiente, Ricardo Salles, e diz que j\u00e1 foi feito pedido ao STF (Supremo Tribunal Federal). &#8220;Como \u00e9 que, diante de uma situa\u00e7\u00e3o com esse n\u00edvel de gravidade, o ministro fica dizendo de forma leviana que quem fez isso foram as ONGs?&#8221;, questiona.<\/p>\n","protected":false},"excerpt":{"rendered":"<p>Acusada nas redes sociais de sumir ap\u00f3s mais uma campanha presidencial, a ex-ministro Marina Silva se manifestou, na semana que passou, a respeito dos desmandos do Governo Federal quanto a quest\u00e3o ambiental. Primeiro, foi o aumento de queimadas na Amaz\u00f4nia. Agora, o avan\u00e7o de manchas de \u00f3leo no litoral do Nordeste. Nos dois casos, Marina critica a falta de a\u00e7\u00e3o do governo. &#8220;A sociedade brasileira est\u00e1 convivendo com uma situa\u00e7\u00e3o que \u00e9 in\u00e9dita. \u00c9 a primeira vez que temos&hellip;<\/p>\n","protected":false},"author":1,"featured_media":0,"comment_status":"open","ping_status":"open","sticky":false,"template":"","format":"standard","meta":{"footnotes":""},"categories":[1],"tags":[],"class_list":["post-14361","post","type-post","status-publish","format-standard","hentry","category-noticias"],"_links":{"self":[{"href":"https:\/\/blogdorogeriogomes.com.br\/noticias\/wp-json\/wp\/v2\/posts\/14361","targetHints":{"allow":["GET"]}}],"collection":[{"href":"https:\/\/blogdorogeriogomes.com.br\/noticias\/wp-json\/wp\/v2\/posts"}],"about":[{"href":"https:\/\/blogdorogeriogomes.com.br\/noticias\/wp-json\/wp\/v2\/types\/post"}],"author":[{"embeddable":true,"href":"https:\/\/blogdorogeriogomes.com.br\/noticias\/wp-json\/wp\/v2\/users\/1"}],"replies":[{"embeddable":true,"href":"https:\/\/blogdorogeriogomes.com.br\/noticias\/wp-json\/wp\/v2\/comments?post=14361"}],"version-history":[{"count":1,"href":"https:\/\/blogdorogeriogomes.com.br\/noticias\/wp-json\/wp\/v2\/posts\/14361\/revisions"}],"predecessor-version":[{"id":14363,"href":"https:\/\/blogdorogeriogomes.com.br\/noticias\/wp-json\/wp\/v2\/posts\/14361\/revisions\/14363"}],"wp:attachment":[{"href":"https:\/\/blogdorogeriogomes.com.br\/noticias\/wp-json\/wp\/v2\/media?parent=14361"}],"wp:term":[{"taxonomy":"category","embeddable":true,"href":"https:\/\/blogdorogeriogomes.com.br\/noticias\/wp-json\/wp\/v2\/categories?post=14361"},{"taxonomy":"post_tag","embeddable":true,"href":"https:\/\/blogdorogeriogomes.com.br\/noticias\/wp-json\/wp\/v2\/tags?post=14361"}],"curies":[{"name":"wp","href":"https:\/\/api.w.org\/{rel}","templated":true}]}}