{"id":14364,"date":"2019-10-28T08:16:09","date_gmt":"2019-10-28T08:16:09","guid":{"rendered":"http:\/\/blogdorogeriogomes.com.br\/?p=14364"},"modified":"2019-10-28T08:16:09","modified_gmt":"2019-10-28T08:16:09","slug":"oposicao-elege-novo-presidente-da-argentina-alberto-fernandez-supera-mauricio-macri","status":"publish","type":"post","link":"https:\/\/blogdorogeriogomes.com.br\/noticias\/2019\/10\/oposicao-elege-novo-presidente-da-argentina-alberto-fernandez-supera-mauricio-macri\/","title":{"rendered":"Oposi\u00e7\u00e3o elege novo presidente da Argentina. Alberto Fern\u00e1ndez supera Maur\u00edcio Macri"},"content":{"rendered":"<p><img loading=\"lazy\" decoding=\"async\" class=\"alignnone size-medium wp-image-14365\" src=\"http:\/\/blogdorogeriogomes.com.br\/wp-content\/uploads\/2019\/10\/alberto-fernandez-e-cristina-kirchner-1569090168669_v2_450x337-300x225.jpg\" alt=\"alberto-fernandez-e-cristina-kirchner-1569090168669_v2_450x337\" width=\"300\" height=\"225\" srcset=\"https:\/\/blogdorogeriogomes.com.br\/noticias\/wp-content\/uploads\/2019\/10\/alberto-fernandez-e-cristina-kirchner-1569090168669_v2_450x337-300x225.jpg 300w, https:\/\/blogdorogeriogomes.com.br\/noticias\/wp-content\/uploads\/2019\/10\/alberto-fernandez-e-cristina-kirchner-1569090168669_v2_450x337.jpg 450w\" sizes=\"auto, (max-width: 300px) 100vw, 300px\" \/><\/p>\n<p>A Argentina elegeu presidente o candidato de oposi\u00e7\u00e3o Alberto Fern\u00e1ndez, em primeiro turno. Com 96,22% das urnas apuradas na noite deste domingo, dia 27 de outubro, o opositor havia conquistado 48,03% dos votos e n\u00e3o podia mais ser alcan\u00e7ado pelo atual presidente Maur\u00edcio Macri. Fern\u00e1ndez ter\u00e1 como vice a ex-presidente Cristina Kirchner, que comandou o pa\u00eds entre 2007 e 2015. A vit\u00f3ria de Fern\u00e1ndez e Kircher contraria o Governo Bolsonaro, que tem uma agenda econ\u00f4mica de controle de gastos p\u00fablicos alinhada \u00e0 de Macri.<br \/>\nAlberto Fern\u00e1ndez \u00e9 um aliado da esquerda brasileira. Ele defende que Lula \u00e9 um preso pol\u00edtico e foi visit\u00e1-lo na pris\u00e3o em julho deste ano. O presidente Jair Bolsonaro disse que n\u00e3o vai cumprimentar o peronista Alberto Fern\u00e1ndez. &#8220;N\u00e3o pretendo parabeniz\u00e1-lo. Agora n\u00e3o vamos nos indispor. Vamos esperar o tempo para ver qual a posi\u00e7\u00e3o real dele na pol\u00edtica\u201d.<\/p>\n","protected":false},"excerpt":{"rendered":"<p>A Argentina elegeu presidente o candidato de oposi\u00e7\u00e3o Alberto Fern\u00e1ndez, em primeiro turno. Com 96,22% das urnas apuradas na noite deste domingo, dia 27 de outubro, o opositor havia conquistado 48,03% dos votos e n\u00e3o podia mais ser alcan\u00e7ado pelo atual presidente Maur\u00edcio Macri. Fern\u00e1ndez ter\u00e1 como vice a ex-presidente Cristina Kirchner, que comandou o pa\u00eds entre 2007 e 2015. A vit\u00f3ria de Fern\u00e1ndez e Kircher contraria o Governo Bolsonaro, que tem uma agenda econ\u00f4mica de controle de gastos&hellip;<\/p>\n","protected":false},"author":1,"featured_media":0,"comment_status":"open","ping_status":"open","sticky":false,"template":"","format":"standard","meta":{"footnotes":""},"categories":[1],"tags":[],"class_list":["post-14364","post","type-post","status-publish","format-standard","hentry","category-noticias"],"_links":{"self":[{"href":"https:\/\/blogdorogeriogomes.com.br\/noticias\/wp-json\/wp\/v2\/posts\/14364","targetHints":{"allow":["GET"]}}],"collection":[{"href":"https:\/\/blogdorogeriogomes.com.br\/noticias\/wp-json\/wp\/v2\/posts"}],"about":[{"href":"https:\/\/blogdorogeriogomes.com.br\/noticias\/wp-json\/wp\/v2\/types\/post"}],"author":[{"embeddable":true,"href":"https:\/\/blogdorogeriogomes.com.br\/noticias\/wp-json\/wp\/v2\/users\/1"}],"replies":[{"embeddable":true,"href":"https:\/\/blogdorogeriogomes.com.br\/noticias\/wp-json\/wp\/v2\/comments?post=14364"}],"version-history":[{"count":1,"href":"https:\/\/blogdorogeriogomes.com.br\/noticias\/wp-json\/wp\/v2\/posts\/14364\/revisions"}],"predecessor-version":[{"id":14366,"href":"https:\/\/blogdorogeriogomes.com.br\/noticias\/wp-json\/wp\/v2\/posts\/14364\/revisions\/14366"}],"wp:attachment":[{"href":"https:\/\/blogdorogeriogomes.com.br\/noticias\/wp-json\/wp\/v2\/media?parent=14364"}],"wp:term":[{"taxonomy":"category","embeddable":true,"href":"https:\/\/blogdorogeriogomes.com.br\/noticias\/wp-json\/wp\/v2\/categories?post=14364"},{"taxonomy":"post_tag","embeddable":true,"href":"https:\/\/blogdorogeriogomes.com.br\/noticias\/wp-json\/wp\/v2\/tags?post=14364"}],"curies":[{"name":"wp","href":"https:\/\/api.w.org\/{rel}","templated":true}]}}