{"id":14367,"date":"2019-10-28T18:03:02","date_gmt":"2019-10-28T18:03:02","guid":{"rendered":"http:\/\/blogdorogeriogomes.com.br\/?p=14367"},"modified":"2019-10-28T18:03:02","modified_gmt":"2019-10-28T18:03:02","slug":"camilo-santana-discute-novas-acoes-para-conter-manchas-de-oleo-no-litoral-cearense","status":"publish","type":"post","link":"https:\/\/blogdorogeriogomes.com.br\/noticias\/2019\/10\/camilo-santana-discute-novas-acoes-para-conter-manchas-de-oleo-no-litoral-cearense\/","title":{"rendered":"Camilo Santana discute novas a\u00e7\u00f5es para conter manchas de \u00f3leo no litoral cearense"},"content":{"rendered":"<p><img loading=\"lazy\" decoding=\"async\" class=\"alignnone size-medium wp-image-14368\" src=\"http:\/\/blogdorogeriogomes.com.br\/wp-content\/uploads\/2019\/10\/IMG_20191028_145624_895-300x200.jpg\" alt=\"IMG_20191028_145624_895\" width=\"300\" height=\"200\" srcset=\"https:\/\/blogdorogeriogomes.com.br\/noticias\/wp-content\/uploads\/2019\/10\/IMG_20191028_145624_895-300x200.jpg 300w, https:\/\/blogdorogeriogomes.com.br\/noticias\/wp-content\/uploads\/2019\/10\/IMG_20191028_145624_895-768x512.jpg 768w, https:\/\/blogdorogeriogomes.com.br\/noticias\/wp-content\/uploads\/2019\/10\/IMG_20191028_145624_895-1024x682.jpg 1024w, https:\/\/blogdorogeriogomes.com.br\/noticias\/wp-content\/uploads\/2019\/10\/IMG_20191028_145624_895.jpg 1280w\" sizes=\"auto, (max-width: 300px) 100vw, 300px\" \/><\/p>\n<p>Um grupo de trabalho se reuniu, nesta segunda-feira, dia 28 de outubro, no Pal\u00e1cio da Aboli\u00e7\u00e3o, em Fortaleza, para avaliar a\u00e7\u00f5es de preven\u00e7\u00e3o e novas interven\u00e7\u00f5es sobre a presen\u00e7a de \u00f3leo no litoral nordestino. O governador Camilo Santana se reuniu com o capit\u00e3o dos Portos do Cear\u00e1, Madson Cardoso, e outros integrantes que t\u00eam acompanhado as ocorr\u00eancias de \u00f3leo nas praias cearenses.<br \/>\nDe acordo com o coronel Eduardo Holanda, comandante do Corpo de Bombeiros, s\u00e3o realizados sobrevoos di\u00e1rios por todo o litoral cearense (573 km) para identificar novas manchas de \u00f3leo. Al\u00e9m da atua\u00e7\u00e3o de campo, o grupo de trabalho permanece com uma equipe baseada dentro da Marinha para realizar o trabalho de preven\u00e7\u00e3o e o planejamento de novas interven\u00e7\u00f5es. Segundo o secret\u00e1rio do Meio Ambiente, Artur Bruno, nesta ter\u00e7a-feira, dia 29, ser\u00e1 realizada uma nova reuni\u00e3o entre a for\u00e7a-tarefa para operacionalizar o plano de conten\u00e7\u00e3o, que inclui o trabalho de conten\u00e7\u00e3o da foz dos rios Curu e Jaguaribe.<\/p>\n","protected":false},"excerpt":{"rendered":"<p>Um grupo de trabalho se reuniu, nesta segunda-feira, dia 28 de outubro, no Pal\u00e1cio da Aboli\u00e7\u00e3o, em Fortaleza, para avaliar a\u00e7\u00f5es de preven\u00e7\u00e3o e novas interven\u00e7\u00f5es sobre a presen\u00e7a de \u00f3leo no litoral nordestino. O governador Camilo Santana se reuniu com o capit\u00e3o dos Portos do Cear\u00e1, Madson Cardoso, e outros integrantes que t\u00eam acompanhado as ocorr\u00eancias de \u00f3leo nas praias cearenses. De acordo com o coronel Eduardo Holanda, comandante do Corpo de Bombeiros, s\u00e3o realizados sobrevoos di\u00e1rios por&hellip;<\/p>\n","protected":false},"author":1,"featured_media":0,"comment_status":"open","ping_status":"open","sticky":false,"template":"","format":"standard","meta":{"footnotes":""},"categories":[1],"tags":[],"class_list":["post-14367","post","type-post","status-publish","format-standard","hentry","category-noticias"],"_links":{"self":[{"href":"https:\/\/blogdorogeriogomes.com.br\/noticias\/wp-json\/wp\/v2\/posts\/14367","targetHints":{"allow":["GET"]}}],"collection":[{"href":"https:\/\/blogdorogeriogomes.com.br\/noticias\/wp-json\/wp\/v2\/posts"}],"about":[{"href":"https:\/\/blogdorogeriogomes.com.br\/noticias\/wp-json\/wp\/v2\/types\/post"}],"author":[{"embeddable":true,"href":"https:\/\/blogdorogeriogomes.com.br\/noticias\/wp-json\/wp\/v2\/users\/1"}],"replies":[{"embeddable":true,"href":"https:\/\/blogdorogeriogomes.com.br\/noticias\/wp-json\/wp\/v2\/comments?post=14367"}],"version-history":[{"count":1,"href":"https:\/\/blogdorogeriogomes.com.br\/noticias\/wp-json\/wp\/v2\/posts\/14367\/revisions"}],"predecessor-version":[{"id":14369,"href":"https:\/\/blogdorogeriogomes.com.br\/noticias\/wp-json\/wp\/v2\/posts\/14367\/revisions\/14369"}],"wp:attachment":[{"href":"https:\/\/blogdorogeriogomes.com.br\/noticias\/wp-json\/wp\/v2\/media?parent=14367"}],"wp:term":[{"taxonomy":"category","embeddable":true,"href":"https:\/\/blogdorogeriogomes.com.br\/noticias\/wp-json\/wp\/v2\/categories?post=14367"},{"taxonomy":"post_tag","embeddable":true,"href":"https:\/\/blogdorogeriogomes.com.br\/noticias\/wp-json\/wp\/v2\/tags?post=14367"}],"curies":[{"name":"wp","href":"https:\/\/api.w.org\/{rel}","templated":true}]}}