{"id":14370,"date":"2019-10-28T20:18:18","date_gmt":"2019-10-28T20:18:18","guid":{"rendered":"http:\/\/blogdorogeriogomes.com.br\/?p=14370"},"modified":"2019-10-28T20:18:18","modified_gmt":"2019-10-28T20:18:18","slug":"sesa-entrega-49-novas-ambulancias-para-o-samu-192-ceara-nesta-terca-feira","status":"publish","type":"post","link":"https:\/\/blogdorogeriogomes.com.br\/noticias\/2019\/10\/sesa-entrega-49-novas-ambulancias-para-o-samu-192-ceara-nesta-terca-feira\/","title":{"rendered":"Sesa entrega 49 novas ambul\u00e2ncias para o SAMU 192 Cear\u00e1 nesta ter\u00e7a-feira"},"content":{"rendered":"<p><img loading=\"lazy\" decoding=\"async\" class=\"alignnone size-medium wp-image-14371\" src=\"http:\/\/blogdorogeriogomes.com.br\/wp-content\/uploads\/2019\/10\/IMG_20191028_171047_112-300x201.jpg\" alt=\"IMG_20191028_171047_112\" width=\"300\" height=\"201\" srcset=\"https:\/\/blogdorogeriogomes.com.br\/noticias\/wp-content\/uploads\/2019\/10\/IMG_20191028_171047_112-300x201.jpg 300w, https:\/\/blogdorogeriogomes.com.br\/noticias\/wp-content\/uploads\/2019\/10\/IMG_20191028_171047_112-768x516.jpg 768w, https:\/\/blogdorogeriogomes.com.br\/noticias\/wp-content\/uploads\/2019\/10\/IMG_20191028_171047_112-1024x687.jpg 1024w, https:\/\/blogdorogeriogomes.com.br\/noticias\/wp-content\/uploads\/2019\/10\/IMG_20191028_171047_112.jpg 1062w\" sizes=\"auto, (max-width: 300px) 100vw, 300px\" \/><\/p>\n<p>A Secretaria de Sa\u00fade do Estado entrega 49 novas ambul\u00e2ncias para o SAMU 192 Cear\u00e1, nesta ter\u00e7a-feira, dia 29 de outubro. Os ve\u00edculos s\u00e3o para amplia\u00e7\u00e3o e expans\u00e3o da frota do Servi\u00e7o de Atendimento M\u00f3vel de Urg\u00eancia. At\u00e9 dezembro deste ano, ser\u00e3o entregues mais 18 ambul\u00e2ncias, totalizando 67 ve\u00edculos, sendo 60 Unidades de Suporte B\u00e1sico (USB) e sete Unidades de Suporte Avan\u00e7ado (UTI m\u00f3vel). As novas ambul\u00e2ncias v\u00e3o contemplar 60 munic\u00edpios do interior cearense.<br \/>\nO SAMU 192 Cear\u00e1 d\u00e1 cobertura a 136 munic\u00edpios de 18 regi\u00f5es de Sa\u00fade, com 13 bases regionais e 52 bases descentralizadas. A frota atual \u00e9 de 132 ve\u00edculos.<\/p>\n","protected":false},"excerpt":{"rendered":"<p>A Secretaria de Sa\u00fade do Estado entrega 49 novas ambul\u00e2ncias para o SAMU 192 Cear\u00e1, nesta ter\u00e7a-feira, dia 29 de outubro. Os ve\u00edculos s\u00e3o para amplia\u00e7\u00e3o e expans\u00e3o da frota do Servi\u00e7o de Atendimento M\u00f3vel de Urg\u00eancia. At\u00e9 dezembro deste ano, ser\u00e3o entregues mais 18 ambul\u00e2ncias, totalizando 67 ve\u00edculos, sendo 60 Unidades de Suporte B\u00e1sico (USB) e sete Unidades de Suporte Avan\u00e7ado (UTI m\u00f3vel). As novas ambul\u00e2ncias v\u00e3o contemplar 60 munic\u00edpios do interior cearense. O SAMU 192 Cear\u00e1 d\u00e1&hellip;<\/p>\n","protected":false},"author":1,"featured_media":0,"comment_status":"open","ping_status":"open","sticky":false,"template":"","format":"standard","meta":{"footnotes":""},"categories":[1],"tags":[],"class_list":["post-14370","post","type-post","status-publish","format-standard","hentry","category-noticias"],"_links":{"self":[{"href":"https:\/\/blogdorogeriogomes.com.br\/noticias\/wp-json\/wp\/v2\/posts\/14370","targetHints":{"allow":["GET"]}}],"collection":[{"href":"https:\/\/blogdorogeriogomes.com.br\/noticias\/wp-json\/wp\/v2\/posts"}],"about":[{"href":"https:\/\/blogdorogeriogomes.com.br\/noticias\/wp-json\/wp\/v2\/types\/post"}],"author":[{"embeddable":true,"href":"https:\/\/blogdorogeriogomes.com.br\/noticias\/wp-json\/wp\/v2\/users\/1"}],"replies":[{"embeddable":true,"href":"https:\/\/blogdorogeriogomes.com.br\/noticias\/wp-json\/wp\/v2\/comments?post=14370"}],"version-history":[{"count":1,"href":"https:\/\/blogdorogeriogomes.com.br\/noticias\/wp-json\/wp\/v2\/posts\/14370\/revisions"}],"predecessor-version":[{"id":14372,"href":"https:\/\/blogdorogeriogomes.com.br\/noticias\/wp-json\/wp\/v2\/posts\/14370\/revisions\/14372"}],"wp:attachment":[{"href":"https:\/\/blogdorogeriogomes.com.br\/noticias\/wp-json\/wp\/v2\/media?parent=14370"}],"wp:term":[{"taxonomy":"category","embeddable":true,"href":"https:\/\/blogdorogeriogomes.com.br\/noticias\/wp-json\/wp\/v2\/categories?post=14370"},{"taxonomy":"post_tag","embeddable":true,"href":"https:\/\/blogdorogeriogomes.com.br\/noticias\/wp-json\/wp\/v2\/tags?post=14370"}],"curies":[{"name":"wp","href":"https:\/\/api.w.org\/{rel}","templated":true}]}}