{"id":14374,"date":"2019-10-28T20:31:19","date_gmt":"2019-10-28T20:31:19","guid":{"rendered":"http:\/\/blogdorogeriogomes.com.br\/?p=14374"},"modified":"2019-10-28T20:31:19","modified_gmt":"2019-10-28T20:31:19","slug":"prefeito-afastado-de-uruburetama-que-esta-preso-e-cassado-pela-camara-municipal","status":"publish","type":"post","link":"https:\/\/blogdorogeriogomes.com.br\/noticias\/2019\/10\/prefeito-afastado-de-uruburetama-que-esta-preso-e-cassado-pela-camara-municipal\/","title":{"rendered":"Prefeito afastado de Uruburetama, que est\u00e1 preso, \u00e9 cassado pela C\u00e2mara Municipal"},"content":{"rendered":"<p><img loading=\"lazy\" decoding=\"async\" class=\"alignnone size-medium wp-image-14375\" src=\"http:\/\/blogdorogeriogomes.com.br\/wp-content\/uploads\/2019\/10\/images-2019-10-28T172753.657-300x168.jpeg\" alt=\"images - 2019-10-28T172753.657\" width=\"300\" height=\"168\" srcset=\"https:\/\/blogdorogeriogomes.com.br\/noticias\/wp-content\/uploads\/2019\/10\/images-2019-10-28T172753.657-300x168.jpeg 300w, https:\/\/blogdorogeriogomes.com.br\/noticias\/wp-content\/uploads\/2019\/10\/images-2019-10-28T172753.657.jpeg 739w\" sizes=\"auto, (max-width: 300px) 100vw, 300px\" \/><\/p>\n<p>O prefeito afastado de Uruburetama, Jos\u00e9 Hilson Paiva, foi cassado por unanimidade pela C\u00e2mara Municipal, nesta segunda-feira, dia 28 de outubro. A decis\u00e3o foi tomada pelos 11 vereadores presentes. Ele j\u00e1 estava afastado do cargo por decis\u00e3o da C\u00e2mara. Jos\u00e9 Hilson Paiva est\u00e1 preso desde o \u00faltimo dia 19 de julho. A defesa dele promete recorrer \u00e0 Justi\u00e7a.<br \/>\nJos\u00e9 Hilson \u00e9 m\u00e9dico e acusado de abusar sexualmente de pacientes. V\u00eddeos comprovam os crimes cometidos. O vice-prefeito Artur Wagner Vasconcelos Nery (PCdoB) \u00e9 quem comanda a cidade desde o afastamento.<\/p>\n","protected":false},"excerpt":{"rendered":"<p>O prefeito afastado de Uruburetama, Jos\u00e9 Hilson Paiva, foi cassado por unanimidade pela C\u00e2mara Municipal, nesta segunda-feira, dia 28 de outubro. A decis\u00e3o foi tomada pelos 11 vereadores presentes. Ele j\u00e1 estava afastado do cargo por decis\u00e3o da C\u00e2mara. Jos\u00e9 Hilson Paiva est\u00e1 preso desde o \u00faltimo dia 19 de julho. A defesa dele promete recorrer \u00e0 Justi\u00e7a. Jos\u00e9 Hilson \u00e9 m\u00e9dico e acusado de abusar sexualmente de pacientes. V\u00eddeos comprovam os crimes cometidos. O vice-prefeito Artur Wagner Vasconcelos&hellip;<\/p>\n","protected":false},"author":1,"featured_media":0,"comment_status":"open","ping_status":"open","sticky":false,"template":"","format":"standard","meta":{"footnotes":""},"categories":[1],"tags":[],"class_list":["post-14374","post","type-post","status-publish","format-standard","hentry","category-noticias"],"_links":{"self":[{"href":"https:\/\/blogdorogeriogomes.com.br\/noticias\/wp-json\/wp\/v2\/posts\/14374","targetHints":{"allow":["GET"]}}],"collection":[{"href":"https:\/\/blogdorogeriogomes.com.br\/noticias\/wp-json\/wp\/v2\/posts"}],"about":[{"href":"https:\/\/blogdorogeriogomes.com.br\/noticias\/wp-json\/wp\/v2\/types\/post"}],"author":[{"embeddable":true,"href":"https:\/\/blogdorogeriogomes.com.br\/noticias\/wp-json\/wp\/v2\/users\/1"}],"replies":[{"embeddable":true,"href":"https:\/\/blogdorogeriogomes.com.br\/noticias\/wp-json\/wp\/v2\/comments?post=14374"}],"version-history":[{"count":1,"href":"https:\/\/blogdorogeriogomes.com.br\/noticias\/wp-json\/wp\/v2\/posts\/14374\/revisions"}],"predecessor-version":[{"id":14376,"href":"https:\/\/blogdorogeriogomes.com.br\/noticias\/wp-json\/wp\/v2\/posts\/14374\/revisions\/14376"}],"wp:attachment":[{"href":"https:\/\/blogdorogeriogomes.com.br\/noticias\/wp-json\/wp\/v2\/media?parent=14374"}],"wp:term":[{"taxonomy":"category","embeddable":true,"href":"https:\/\/blogdorogeriogomes.com.br\/noticias\/wp-json\/wp\/v2\/categories?post=14374"},{"taxonomy":"post_tag","embeddable":true,"href":"https:\/\/blogdorogeriogomes.com.br\/noticias\/wp-json\/wp\/v2\/tags?post=14374"}],"curies":[{"name":"wp","href":"https:\/\/api.w.org\/{rel}","templated":true}]}}