{"id":14378,"date":"2019-10-29T09:03:13","date_gmt":"2019-10-29T09:03:13","guid":{"rendered":"http:\/\/blogdorogeriogomes.com.br\/?p=14378"},"modified":"2019-10-29T09:03:13","modified_gmt":"2019-10-29T09:03:13","slug":"novos-vazamentos-de-fabricio-queiroz-revelam-temor-sobre-retomada-das-investigacoes","status":"publish","type":"post","link":"https:\/\/blogdorogeriogomes.com.br\/noticias\/2019\/10\/novos-vazamentos-de-fabricio-queiroz-revelam-temor-sobre-retomada-das-investigacoes\/","title":{"rendered":"Novos vazamentos de Fabr\u00edcio Queiroz revelam temor sobre retomada das investiga\u00e7\u00f5es"},"content":{"rendered":"<p><img loading=\"lazy\" decoding=\"async\" class=\"alignnone size-medium wp-image-14379\" src=\"http:\/\/blogdorogeriogomes.com.br\/wp-content\/uploads\/2019\/10\/images-2019-10-29T055851.412-300x200.jpeg\" alt=\"images - 2019-10-29T055851.412\" width=\"300\" height=\"200\" srcset=\"https:\/\/blogdorogeriogomes.com.br\/noticias\/wp-content\/uploads\/2019\/10\/images-2019-10-29T055851.412-300x200.jpeg 300w, https:\/\/blogdorogeriogomes.com.br\/noticias\/wp-content\/uploads\/2019\/10\/images-2019-10-29T055851.412.jpeg 678w\" sizes=\"auto, (max-width: 300px) 100vw, 300px\" \/><\/p>\n<p>Os vazamentos de \u00e1udios de Fabr\u00edcio Queiroz, apontado h\u00e1 bem pouco tempo como um \u201cbra\u00e7o direito\u201d da fam\u00edlia Bolsonaro, revelam que o ex-assessor teme a retomada das investiga\u00e7\u00f5es sobre as den\u00fancias de rachadinha envolvendo o cl\u00e3 Bolsonaro.<br \/>\nNo novo \u00e1udio, divulgado nesta segunda-feira, dia 28 de outubro, pelo UOL, Fabr\u00edcio Queiroz xinga promotores do Minist\u00e9rio P\u00fablico do Rio de Janeiro, dizendo que a investiga\u00e7\u00e3o sobre as rachadinhas no gabinete do ent\u00e3o deputado Fl\u00e1bio Bolsonaro \u201cat\u00e9 demoraram\u201d.<br \/>\n&#8220;Esses depoimentos, cara, eles v\u00e3o l\u00e1 e pegam mesmo, esses filhos da puta, rapaz. At\u00e9 demorou a pegar. O Agostinho foi depor no dia 11 de janeiro, parece que ele foi depor. J\u00e1 publicaram o depoimento dele na \u00edntegra&#8221;, disse Queiroz.<br \/>\nFabricio Queiroz se refere ao inqu\u00e9rito aberto a partir de dados do Conselho de Controle de Atividades Financeiras (Coaf), hoje Unidade de Intelig\u00eancia Financeira, que apontam &#8220;movimenta\u00e7\u00f5es at\u00edpicas&#8221; em sua conta, no valor de R$ 1,2 milh\u00e3o.<br \/>\nA investiga\u00e7\u00e3o do Minist\u00e9rio P\u00fablico do Rio foi paralisada no dia 15 de julho, depois de uma decis\u00e3o do ministro Dias Toffoli, presidente do Supremo Tribunal Federal.<\/p>\n","protected":false},"excerpt":{"rendered":"<p>Os vazamentos de \u00e1udios de Fabr\u00edcio Queiroz, apontado h\u00e1 bem pouco tempo como um \u201cbra\u00e7o direito\u201d da fam\u00edlia Bolsonaro, revelam que o ex-assessor teme a retomada das investiga\u00e7\u00f5es sobre as den\u00fancias de rachadinha envolvendo o cl\u00e3 Bolsonaro. No novo \u00e1udio, divulgado nesta segunda-feira, dia 28 de outubro, pelo UOL, Fabr\u00edcio Queiroz xinga promotores do Minist\u00e9rio P\u00fablico do Rio de Janeiro, dizendo que a investiga\u00e7\u00e3o sobre as rachadinhas no gabinete do ent\u00e3o deputado Fl\u00e1bio Bolsonaro \u201cat\u00e9 demoraram\u201d. &#8220;Esses depoimentos, cara,&hellip;<\/p>\n","protected":false},"author":1,"featured_media":0,"comment_status":"open","ping_status":"open","sticky":false,"template":"","format":"standard","meta":{"footnotes":""},"categories":[1],"tags":[],"class_list":["post-14378","post","type-post","status-publish","format-standard","hentry","category-noticias"],"_links":{"self":[{"href":"https:\/\/blogdorogeriogomes.com.br\/noticias\/wp-json\/wp\/v2\/posts\/14378","targetHints":{"allow":["GET"]}}],"collection":[{"href":"https:\/\/blogdorogeriogomes.com.br\/noticias\/wp-json\/wp\/v2\/posts"}],"about":[{"href":"https:\/\/blogdorogeriogomes.com.br\/noticias\/wp-json\/wp\/v2\/types\/post"}],"author":[{"embeddable":true,"href":"https:\/\/blogdorogeriogomes.com.br\/noticias\/wp-json\/wp\/v2\/users\/1"}],"replies":[{"embeddable":true,"href":"https:\/\/blogdorogeriogomes.com.br\/noticias\/wp-json\/wp\/v2\/comments?post=14378"}],"version-history":[{"count":1,"href":"https:\/\/blogdorogeriogomes.com.br\/noticias\/wp-json\/wp\/v2\/posts\/14378\/revisions"}],"predecessor-version":[{"id":14380,"href":"https:\/\/blogdorogeriogomes.com.br\/noticias\/wp-json\/wp\/v2\/posts\/14378\/revisions\/14380"}],"wp:attachment":[{"href":"https:\/\/blogdorogeriogomes.com.br\/noticias\/wp-json\/wp\/v2\/media?parent=14378"}],"wp:term":[{"taxonomy":"category","embeddable":true,"href":"https:\/\/blogdorogeriogomes.com.br\/noticias\/wp-json\/wp\/v2\/categories?post=14378"},{"taxonomy":"post_tag","embeddable":true,"href":"https:\/\/blogdorogeriogomes.com.br\/noticias\/wp-json\/wp\/v2\/tags?post=14378"}],"curies":[{"name":"wp","href":"https:\/\/api.w.org\/{rel}","templated":true}]}}