{"id":14381,"date":"2019-10-29T09:19:34","date_gmt":"2019-10-29T09:19:34","guid":{"rendered":"http:\/\/blogdorogeriogomes.com.br\/?p=14381"},"modified":"2019-10-29T09:19:34","modified_gmt":"2019-10-29T09:19:34","slug":"video-de-bolsonaro-nas-redes-sociais-gera-reacao-indignada-de-ministros-do-stf","status":"publish","type":"post","link":"https:\/\/blogdorogeriogomes.com.br\/noticias\/2019\/10\/video-de-bolsonaro-nas-redes-sociais-gera-reacao-indignada-de-ministros-do-stf\/","title":{"rendered":"V\u00eddeo de Bolsonaro nas redes sociais gera rea\u00e7\u00e3o indignada de ministros do STF"},"content":{"rendered":"<p><img loading=\"lazy\" decoding=\"async\" class=\"alignnone size-medium wp-image-14382\" src=\"http:\/\/blogdorogeriogomes.com.br\/wp-content\/uploads\/2019\/10\/images-2019-10-29T061453.655-300x211.jpeg\" alt=\"images - 2019-10-29T061453.655\" width=\"300\" height=\"211\" srcset=\"https:\/\/blogdorogeriogomes.com.br\/noticias\/wp-content\/uploads\/2019\/10\/images-2019-10-29T061453.655-300x211.jpeg 300w, https:\/\/blogdorogeriogomes.com.br\/noticias\/wp-content\/uploads\/2019\/10\/images-2019-10-29T061453.655.jpeg 531w\" sizes=\"auto, (max-width: 300px) 100vw, 300px\" \/><\/p>\n<p>O presidente Jair Bolsonaro postou um v\u00eddeo em suas redes sociais, nesta segunda-feira, dia 28 de outubro, que causou indigna\u00e7\u00e3o a ministros do STF, al\u00e9m de virar piada entre internautas. A publica\u00e7\u00e3o \u00e9 atribu\u00edda ao filho Carlos Bolsonaro, que controla as redes sociais do presidente. No v\u00eddeo, o le\u00e3o, atribu\u00eddo a figura de Bolsonaro, \u00e9 alvo de hienas at\u00e9 o momento em que surge outro le\u00e3o, descrito como &#8220;conservador patriota&#8221;, que espanta os inimigos: STF, m\u00eddia, partidos e at\u00e9 mesmo a ONU.<br \/>\nMinistros do Supremo Tribunal Federal insatisfeitos com o novo ataque \u00e0 Suprema Corte por parte de Jair Bolsonaro est\u00e3o exigindo uma atitude do presidente do STF, Dias Toffoli. Ainda est\u00e1 na mem\u00f3ria dos ministros o epis\u00f3dio em que Eduardo Bolsonaro disse que bastava um cabo e um soldado para fechar o STF.<br \/>\nO ministro mais antigo do STF, Celso de Mello, reagiu ao v\u00eddeo publicado por Jair Bolsonaro que retrata o STF e outras institui\u00e7\u00f5es como hienas. &#8220;Constitui a express\u00e3o odiosa (e profundamente lament\u00e1vel) de quem desconhece o dogma da separa\u00e7\u00e3o de poderes e, o que \u00e9 mais grave, de quem teme um Poder Judici\u00e1rio independente&#8221;. Para Celso de Mello, o v\u00eddeo, que foi apagado posteriormente, evidencia que \u201co atrevimento presidencial parece n\u00e3o encontrar limites\u201d.<\/p>\n","protected":false},"excerpt":{"rendered":"<p>O presidente Jair Bolsonaro postou um v\u00eddeo em suas redes sociais, nesta segunda-feira, dia 28 de outubro, que causou indigna\u00e7\u00e3o a ministros do STF, al\u00e9m de virar piada entre internautas. A publica\u00e7\u00e3o \u00e9 atribu\u00edda ao filho Carlos Bolsonaro, que controla as redes sociais do presidente. No v\u00eddeo, o le\u00e3o, atribu\u00eddo a figura de Bolsonaro, \u00e9 alvo de hienas at\u00e9 o momento em que surge outro le\u00e3o, descrito como &#8220;conservador patriota&#8221;, que espanta os inimigos: STF, m\u00eddia, partidos e at\u00e9&hellip;<\/p>\n","protected":false},"author":1,"featured_media":0,"comment_status":"open","ping_status":"open","sticky":false,"template":"","format":"standard","meta":{"footnotes":""},"categories":[1],"tags":[],"class_list":["post-14381","post","type-post","status-publish","format-standard","hentry","category-noticias"],"_links":{"self":[{"href":"https:\/\/blogdorogeriogomes.com.br\/noticias\/wp-json\/wp\/v2\/posts\/14381","targetHints":{"allow":["GET"]}}],"collection":[{"href":"https:\/\/blogdorogeriogomes.com.br\/noticias\/wp-json\/wp\/v2\/posts"}],"about":[{"href":"https:\/\/blogdorogeriogomes.com.br\/noticias\/wp-json\/wp\/v2\/types\/post"}],"author":[{"embeddable":true,"href":"https:\/\/blogdorogeriogomes.com.br\/noticias\/wp-json\/wp\/v2\/users\/1"}],"replies":[{"embeddable":true,"href":"https:\/\/blogdorogeriogomes.com.br\/noticias\/wp-json\/wp\/v2\/comments?post=14381"}],"version-history":[{"count":1,"href":"https:\/\/blogdorogeriogomes.com.br\/noticias\/wp-json\/wp\/v2\/posts\/14381\/revisions"}],"predecessor-version":[{"id":14383,"href":"https:\/\/blogdorogeriogomes.com.br\/noticias\/wp-json\/wp\/v2\/posts\/14381\/revisions\/14383"}],"wp:attachment":[{"href":"https:\/\/blogdorogeriogomes.com.br\/noticias\/wp-json\/wp\/v2\/media?parent=14381"}],"wp:term":[{"taxonomy":"category","embeddable":true,"href":"https:\/\/blogdorogeriogomes.com.br\/noticias\/wp-json\/wp\/v2\/categories?post=14381"},{"taxonomy":"post_tag","embeddable":true,"href":"https:\/\/blogdorogeriogomes.com.br\/noticias\/wp-json\/wp\/v2\/tags?post=14381"}],"curies":[{"name":"wp","href":"https:\/\/api.w.org\/{rel}","templated":true}]}}