{"id":14385,"date":"2019-10-29T20:25:49","date_gmt":"2019-10-29T20:25:49","guid":{"rendered":"http:\/\/blogdorogeriogomes.com.br\/?p=14385"},"modified":"2019-10-29T20:25:49","modified_gmt":"2019-10-29T20:25:49","slug":"acordo-entre-procon-fortaleza-e-enel-permite-que-concessionaria-conceda-credito-a-clientes-que-pagaram-contas-dobradas","status":"publish","type":"post","link":"https:\/\/blogdorogeriogomes.com.br\/noticias\/2019\/10\/acordo-entre-procon-fortaleza-e-enel-permite-que-concessionaria-conceda-credito-a-clientes-que-pagaram-contas-dobradas\/","title":{"rendered":"Acordo entre Procon Fortaleza e Enel permite que concession\u00e1ria conceda cr\u00e9dito a clientes que pagaram contas dobradas"},"content":{"rendered":"<p><img loading=\"lazy\" decoding=\"async\" class=\"alignnone size-medium wp-image-14386\" src=\"http:\/\/blogdorogeriogomes.com.br\/wp-content\/uploads\/2019\/10\/images-2019-10-29T171721.681-300x225.jpeg\" alt=\"images - 2019-10-29T171721.681\" width=\"300\" height=\"225\" srcset=\"https:\/\/blogdorogeriogomes.com.br\/noticias\/wp-content\/uploads\/2019\/10\/images-2019-10-29T171721.681-300x225.jpeg 300w, https:\/\/blogdorogeriogomes.com.br\/noticias\/wp-content\/uploads\/2019\/10\/images-2019-10-29T171721.681.jpeg 640w\" sizes=\"auto, (max-width: 300px) 100vw, 300px\" \/><\/p>\n<p>Um Termo de Ajustamento de Conduta (TAC) assinado entre o Procon Fortaleza e a Enel vai permitir a consumidores, que realizaram o pagamento duplicado das contas de energia no mesmo m\u00eas, poder deixar de pagar temporariamente as faturas emitidas e n\u00e3o pagas at\u00e9 31 de janeiro de 2020, sem ter a suspens\u00e3o do servi\u00e7o.<br \/>\nO TAC tamb\u00e9m determina que a concession\u00e1ria de energia el\u00e9trica conceda um cr\u00e9dito para os consumidores que j\u00e1 pagaram a segunda conta de energia com vencimento no mesmo m\u00eas.<br \/>\nNo acordo, ficou definido que tanto os clientes que pagaram as duas contas, quanto aqueles que s\u00f3 pagaram a primeira, poder\u00e3o parcelar em at\u00e9 20 vezes uma das contas desse per\u00edodo, sem cobran\u00e7a de juros, multas e sem valor de entrada, com in\u00edcio do pagamento do parcelamento, a partir das contas de janeiro ou fevereiro de 2020.<br \/>\nEm setembro passado, o Procon Fortaleza multou a Enel em R$ 3.067.715,40 pelo envio de duas contas de energia com vencimento no mesmo m\u00eas.<\/p>\n","protected":false},"excerpt":{"rendered":"<p>Um Termo de Ajustamento de Conduta (TAC) assinado entre o Procon Fortaleza e a Enel vai permitir a consumidores, que realizaram o pagamento duplicado das contas de energia no mesmo m\u00eas, poder deixar de pagar temporariamente as faturas emitidas e n\u00e3o pagas at\u00e9 31 de janeiro de 2020, sem ter a suspens\u00e3o do servi\u00e7o. O TAC tamb\u00e9m determina que a concession\u00e1ria de energia el\u00e9trica conceda um cr\u00e9dito para os consumidores que j\u00e1 pagaram a segunda conta de energia com&hellip;<\/p>\n","protected":false},"author":1,"featured_media":0,"comment_status":"open","ping_status":"open","sticky":false,"template":"","format":"standard","meta":{"footnotes":""},"categories":[1],"tags":[],"class_list":["post-14385","post","type-post","status-publish","format-standard","hentry","category-noticias"],"_links":{"self":[{"href":"https:\/\/blogdorogeriogomes.com.br\/noticias\/wp-json\/wp\/v2\/posts\/14385","targetHints":{"allow":["GET"]}}],"collection":[{"href":"https:\/\/blogdorogeriogomes.com.br\/noticias\/wp-json\/wp\/v2\/posts"}],"about":[{"href":"https:\/\/blogdorogeriogomes.com.br\/noticias\/wp-json\/wp\/v2\/types\/post"}],"author":[{"embeddable":true,"href":"https:\/\/blogdorogeriogomes.com.br\/noticias\/wp-json\/wp\/v2\/users\/1"}],"replies":[{"embeddable":true,"href":"https:\/\/blogdorogeriogomes.com.br\/noticias\/wp-json\/wp\/v2\/comments?post=14385"}],"version-history":[{"count":1,"href":"https:\/\/blogdorogeriogomes.com.br\/noticias\/wp-json\/wp\/v2\/posts\/14385\/revisions"}],"predecessor-version":[{"id":14387,"href":"https:\/\/blogdorogeriogomes.com.br\/noticias\/wp-json\/wp\/v2\/posts\/14385\/revisions\/14387"}],"wp:attachment":[{"href":"https:\/\/blogdorogeriogomes.com.br\/noticias\/wp-json\/wp\/v2\/media?parent=14385"}],"wp:term":[{"taxonomy":"category","embeddable":true,"href":"https:\/\/blogdorogeriogomes.com.br\/noticias\/wp-json\/wp\/v2\/categories?post=14385"},{"taxonomy":"post_tag","embeddable":true,"href":"https:\/\/blogdorogeriogomes.com.br\/noticias\/wp-json\/wp\/v2\/tags?post=14385"}],"curies":[{"name":"wp","href":"https:\/\/api.w.org\/{rel}","templated":true}]}}