{"id":14394,"date":"2019-10-30T08:52:48","date_gmt":"2019-10-30T08:52:48","guid":{"rendered":"http:\/\/blogdorogeriogomes.com.br\/?p=14394"},"modified":"2019-10-30T08:52:48","modified_gmt":"2019-10-30T08:52:48","slug":"grupos-religiosos-se-mobilizam-contra-projetos-em-tramitacao-na-camara-e-assembleia","status":"publish","type":"post","link":"https:\/\/blogdorogeriogomes.com.br\/noticias\/2019\/10\/grupos-religiosos-se-mobilizam-contra-projetos-em-tramitacao-na-camara-e-assembleia\/","title":{"rendered":"Grupos religiosos se mobilizam contra projetos em tramita\u00e7\u00e3o na C\u00e2mara e Assembleia"},"content":{"rendered":"<p><img loading=\"lazy\" decoding=\"async\" class=\"alignnone size-medium wp-image-14396\" src=\"http:\/\/blogdorogeriogomes.com.br\/wp-content\/uploads\/2019\/10\/bancada-religiosa-1-300x200.jpg\" alt=\"bancada-religiosa-1\" width=\"300\" height=\"200\" srcset=\"https:\/\/blogdorogeriogomes.com.br\/noticias\/wp-content\/uploads\/2019\/10\/bancada-religiosa-1-300x200.jpg 300w, https:\/\/blogdorogeriogomes.com.br\/noticias\/wp-content\/uploads\/2019\/10\/bancada-religiosa-1-768x512.jpg 768w, https:\/\/blogdorogeriogomes.com.br\/noticias\/wp-content\/uploads\/2019\/10\/bancada-religiosa-1-1024x683.jpg 1024w, https:\/\/blogdorogeriogomes.com.br\/noticias\/wp-content\/uploads\/2019\/10\/bancada-religiosa-1.jpg 1555w\" sizes=\"auto, (max-width: 300px) 100vw, 300px\" \/><\/p>\n<p>O projeto de lei que trata da Liberdade de C\u00e1tedra, de autoria do vereador Evaldo Lima (PC do B) deve ser votado nesta quarta-feira, dia 30 de outubro, no plen\u00e1rio da Casa. A bancada religiosa na C\u00e2mara Municipal de Fortaleza se articula para votar contra a mat\u00e9ria, que prop\u00f5e objetivamente impedir qualquer tipo de viol\u00eancia ou persegui\u00e7\u00e3o aos profissionais da sala de aula.<br \/>\nNos \u00faltimos dias, grupos religiosos se mobilizam tamb\u00e9m na Assembleia Legislativa, onde a disputa se d\u00e1 em torno de projeto de lei que quer punir atos de discrimina\u00e7\u00e3o religiosa.<br \/>\nAs bancadas religiosas da Assembleia e da C\u00e2mara se uniram para tentar derrubar os dois projetos de lei. Vereadores da Capital, deputados estaduais e federais, al\u00e9m de pastores e l\u00edderes religiosos, formaram a chamada frente de &#8220;mobiliza\u00e7\u00e3o crist\u00e3&#8221;, uma ofensiva com o objetivo de influenciar os debates no Poder Legislativo.<\/p>\n","protected":false},"excerpt":{"rendered":"<p>O projeto de lei que trata da Liberdade de C\u00e1tedra, de autoria do vereador Evaldo Lima (PC do B) deve ser votado nesta quarta-feira, dia 30 de outubro, no plen\u00e1rio da Casa. A bancada religiosa na C\u00e2mara Municipal de Fortaleza se articula para votar contra a mat\u00e9ria, que prop\u00f5e objetivamente impedir qualquer tipo de viol\u00eancia ou persegui\u00e7\u00e3o aos profissionais da sala de aula. Nos \u00faltimos dias, grupos religiosos se mobilizam tamb\u00e9m na Assembleia Legislativa, onde a disputa se d\u00e1&hellip;<\/p>\n","protected":false},"author":1,"featured_media":0,"comment_status":"open","ping_status":"open","sticky":false,"template":"","format":"standard","meta":{"footnotes":""},"categories":[1],"tags":[],"class_list":["post-14394","post","type-post","status-publish","format-standard","hentry","category-noticias"],"_links":{"self":[{"href":"https:\/\/blogdorogeriogomes.com.br\/noticias\/wp-json\/wp\/v2\/posts\/14394","targetHints":{"allow":["GET"]}}],"collection":[{"href":"https:\/\/blogdorogeriogomes.com.br\/noticias\/wp-json\/wp\/v2\/posts"}],"about":[{"href":"https:\/\/blogdorogeriogomes.com.br\/noticias\/wp-json\/wp\/v2\/types\/post"}],"author":[{"embeddable":true,"href":"https:\/\/blogdorogeriogomes.com.br\/noticias\/wp-json\/wp\/v2\/users\/1"}],"replies":[{"embeddable":true,"href":"https:\/\/blogdorogeriogomes.com.br\/noticias\/wp-json\/wp\/v2\/comments?post=14394"}],"version-history":[{"count":1,"href":"https:\/\/blogdorogeriogomes.com.br\/noticias\/wp-json\/wp\/v2\/posts\/14394\/revisions"}],"predecessor-version":[{"id":14397,"href":"https:\/\/blogdorogeriogomes.com.br\/noticias\/wp-json\/wp\/v2\/posts\/14394\/revisions\/14397"}],"wp:attachment":[{"href":"https:\/\/blogdorogeriogomes.com.br\/noticias\/wp-json\/wp\/v2\/media?parent=14394"}],"wp:term":[{"taxonomy":"category","embeddable":true,"href":"https:\/\/blogdorogeriogomes.com.br\/noticias\/wp-json\/wp\/v2\/categories?post=14394"},{"taxonomy":"post_tag","embeddable":true,"href":"https:\/\/blogdorogeriogomes.com.br\/noticias\/wp-json\/wp\/v2\/tags?post=14394"}],"curies":[{"name":"wp","href":"https:\/\/api.w.org\/{rel}","templated":true}]}}