{"id":14398,"date":"2019-10-30T09:30:26","date_gmt":"2019-10-30T09:30:26","guid":{"rendered":"http:\/\/blogdorogeriogomes.com.br\/?p=14398"},"modified":"2019-10-30T09:33:46","modified_gmt":"2019-10-30T09:33:46","slug":"reportagem-da-tv-globo-cita-visita-de-criminoso-de-marielle-franco-a-casa-de-bolsonaro","status":"publish","type":"post","link":"https:\/\/blogdorogeriogomes.com.br\/noticias\/2019\/10\/reportagem-da-tv-globo-cita-visita-de-criminoso-de-marielle-franco-a-casa-de-bolsonaro\/","title":{"rendered":"Reportagem da TV Globo cita visita de suspeito de crime contra Marielle Franco a casa de Bolsonaro"},"content":{"rendered":"<p><img loading=\"lazy\" decoding=\"async\" class=\"alignnone size-medium wp-image-14399\" src=\"http:\/\/blogdorogeriogomes.com.br\/wp-content\/uploads\/2019\/10\/15638635915d36aa27a11d1_1563863591_3x2_lg-300x200.jpg\" alt=\"15638635915d36aa27a11d1_1563863591_3x2_lg\" width=\"300\" height=\"200\" srcset=\"https:\/\/blogdorogeriogomes.com.br\/noticias\/wp-content\/uploads\/2019\/10\/15638635915d36aa27a11d1_1563863591_3x2_lg-300x200.jpg 300w, https:\/\/blogdorogeriogomes.com.br\/noticias\/wp-content\/uploads\/2019\/10\/15638635915d36aa27a11d1_1563863591_3x2_lg-768x512.jpg 768w, https:\/\/blogdorogeriogomes.com.br\/noticias\/wp-content\/uploads\/2019\/10\/15638635915d36aa27a11d1_1563863591_3x2_lg.jpg 1024w\" sizes=\"auto, (max-width: 300px) 100vw, 300px\" \/><\/p>\n<p>Reportagem do Jornal Nacional, da Rede Globo, divulgada nesta ter\u00e7a-feira, dia 29 de outubro, fez uma men\u00e7\u00e3o nominal ao presidente Jair Bolsonaro (PSL) no caso dos assassinatos da vereadora Marielle Franco (PSOL), do Rio de Janeiro, e do motorista dela, Anderson Gomes, ocorridos em 14 de mar\u00e7o de 2018.<br \/>\nA mat\u00e9ria revelou que o porteiro do condom\u00ednio, onde morava Bolsonaro, afirmou que o suspeito de matar a vereadora pediu para ir na casa do presidente. O controle de acesso ao local mostra o nome do suspeito e o n\u00famero da casa de Bolsonaro. Trata-se de \u00c9lcio Vieira de Queiroz, suspeito do crime preso pelos assassinatos.<br \/>\nAinda de acordo com a mat\u00e9ria, a simples cita\u00e7\u00e3o ao nome do presidente Bolsonaro pode levar o caso a ser investigado pelo Supremo Tribunal Federal, devido ao foro por prerrogativa de fun\u00e7\u00e3o.<br \/>\nEm resposta, Jair Bolsonaro se isentou de responsabilidade pelo crime e fez duras cr\u00edticas \u00e0 imprensa, principalmente \u00e0 TV Globo, pelas reportagens que envolvem n\u00e3o apenas ele, mas tamb\u00e9m seus familiares. Ele ainda insinuou que as informa\u00e7\u00f5es do processo, que est\u00e1 sob sigilo, teriam sido vazadas pelo governador do Rio de Janeiro, Wilson Witzel (PSC), hoje, novo desafeto do Planalto.<br \/>\nA verdade \u00e9 que as rela\u00e7\u00f5es do cl\u00e3 Bolsonaro com milicianos v\u00eam deixando a situa\u00e7\u00e3o do pai e dos filhos cada vez mais complicada. As den\u00fancias de \u201crachadinha\u201d envolvendo o ex-assessor Fabr\u00edcio Queiroz tamb\u00e9m agravam o entorno do presidente. Agora, as graves ila\u00e7\u00f5es do caso Marielle deixam Bolsonaro ainda mais vulner\u00e1vel aos ataques da oposi\u00e7\u00e3o.<\/p>\n","protected":false},"excerpt":{"rendered":"<p>Reportagem do Jornal Nacional, da Rede Globo, divulgada nesta ter\u00e7a-feira, dia 29 de outubro, fez uma men\u00e7\u00e3o nominal ao presidente Jair Bolsonaro (PSL) no caso dos assassinatos da vereadora Marielle Franco (PSOL), do Rio de Janeiro, e do motorista dela, Anderson Gomes, ocorridos em 14 de mar\u00e7o de 2018. A mat\u00e9ria revelou que o porteiro do condom\u00ednio, onde morava Bolsonaro, afirmou que o suspeito de matar a vereadora pediu para ir na casa do presidente. O controle de acesso&hellip;<\/p>\n","protected":false},"author":1,"featured_media":0,"comment_status":"open","ping_status":"open","sticky":false,"template":"","format":"standard","meta":{"footnotes":""},"categories":[1],"tags":[],"class_list":["post-14398","post","type-post","status-publish","format-standard","hentry","category-noticias"],"_links":{"self":[{"href":"https:\/\/blogdorogeriogomes.com.br\/noticias\/wp-json\/wp\/v2\/posts\/14398","targetHints":{"allow":["GET"]}}],"collection":[{"href":"https:\/\/blogdorogeriogomes.com.br\/noticias\/wp-json\/wp\/v2\/posts"}],"about":[{"href":"https:\/\/blogdorogeriogomes.com.br\/noticias\/wp-json\/wp\/v2\/types\/post"}],"author":[{"embeddable":true,"href":"https:\/\/blogdorogeriogomes.com.br\/noticias\/wp-json\/wp\/v2\/users\/1"}],"replies":[{"embeddable":true,"href":"https:\/\/blogdorogeriogomes.com.br\/noticias\/wp-json\/wp\/v2\/comments?post=14398"}],"version-history":[{"count":3,"href":"https:\/\/blogdorogeriogomes.com.br\/noticias\/wp-json\/wp\/v2\/posts\/14398\/revisions"}],"predecessor-version":[{"id":14402,"href":"https:\/\/blogdorogeriogomes.com.br\/noticias\/wp-json\/wp\/v2\/posts\/14398\/revisions\/14402"}],"wp:attachment":[{"href":"https:\/\/blogdorogeriogomes.com.br\/noticias\/wp-json\/wp\/v2\/media?parent=14398"}],"wp:term":[{"taxonomy":"category","embeddable":true,"href":"https:\/\/blogdorogeriogomes.com.br\/noticias\/wp-json\/wp\/v2\/categories?post=14398"},{"taxonomy":"post_tag","embeddable":true,"href":"https:\/\/blogdorogeriogomes.com.br\/noticias\/wp-json\/wp\/v2\/tags?post=14398"}],"curies":[{"name":"wp","href":"https:\/\/api.w.org\/{rel}","templated":true}]}}