{"id":14403,"date":"2019-10-30T20:41:15","date_gmt":"2019-10-30T20:41:15","guid":{"rendered":"http:\/\/blogdorogeriogomes.com.br\/?p=14403"},"modified":"2019-10-30T20:41:15","modified_gmt":"2019-10-30T20:41:15","slug":"virada-cultural-de-fortaleza-sera-realizada-em-novembro-com-40-horas-de-programacao","status":"publish","type":"post","link":"https:\/\/blogdorogeriogomes.com.br\/noticias\/2019\/10\/virada-cultural-de-fortaleza-sera-realizada-em-novembro-com-40-horas-de-programacao\/","title":{"rendered":"Virada Cultural de Fortaleza ser\u00e1 realizada em novembro com 40 horas de programa\u00e7\u00e3o"},"content":{"rendered":"<p><img loading=\"lazy\" decoding=\"async\" class=\"alignnone size-medium wp-image-14404\" src=\"http:\/\/blogdorogeriogomes.com.br\/wp-content\/uploads\/2019\/10\/Coletiva-de-imprensa-da-Virada-Cultural-de-Fortaleza-30-10-2019-Cr\u00e9dito-Marcos-Moura-7-300x176.jpg\" alt=\"Coletiva de imprensa da Virada Cultural de Fortaleza 30 10 2019 Cr\u00e9dito Marcos Moura 7\" width=\"300\" height=\"176\" srcset=\"https:\/\/blogdorogeriogomes.com.br\/noticias\/wp-content\/uploads\/2019\/10\/Coletiva-de-imprensa-da-Virada-Cultural-de-Fortaleza-30-10-2019-Cr\u00e9dito-Marcos-Moura-7-300x176.jpg 300w, https:\/\/blogdorogeriogomes.com.br\/noticias\/wp-content\/uploads\/2019\/10\/Coletiva-de-imprensa-da-Virada-Cultural-de-Fortaleza-30-10-2019-Cr\u00e9dito-Marcos-Moura-7-768x451.jpg 768w, https:\/\/blogdorogeriogomes.com.br\/noticias\/wp-content\/uploads\/2019\/10\/Coletiva-de-imprensa-da-Virada-Cultural-de-Fortaleza-30-10-2019-Cr\u00e9dito-Marcos-Moura-7-1024x601.jpg 1024w\" sizes=\"auto, (max-width: 300px) 100vw, 300px\" \/><\/p>\n<p>Fortaleza vai ter, entre os dias 8 e 10 novembro, uma Virada Cultural promovida pela Prefeitura da Capital. A agenda \u00e9 alusiva ao Dia Nacional da Cultura, celebrado em 5 de novembro. Ser\u00e3o 40 horas de programa\u00e7\u00e3o totalmente gratuita e cerca de 80 atra\u00e7\u00f5es diferentes.<br \/>\nA programa\u00e7\u00e3o vai se desenrolar em v\u00e1rios locais, incluindo o Centro de Fortaleza. Est\u00e3o previstas atra\u00e7\u00f5es na Pra\u00e7a do Ferreira, Pra\u00e7a dos Le\u00f5es, Mercado dos Pinh\u00f5es, Pra\u00e7a Cristo Redentor, Teatro S\u00e3o Jos\u00e9, Complexo Cultural Vila das Artes (Vila das Artes e Centro Cultural Casa do Bar\u00e3o de Camocim), Avenida Monsenhor Tabosa, Pa\u00e7o Municipal, Polo dos Queijos (Raimundo dos Queijos) e Mercado S\u00e3o Sebasti\u00e3o, com eventos das mais diversas linguagens art\u00edsticas, como m\u00fasica, teatro e literatura.<br \/>\nAs atra\u00e7\u00f5es musicais incluem nomes como Cordel do Fogo Encantado, Waldonys, Tarc\u00edsio Sardinha, Juruviara, Banda Dubaile, Os Transacionais, Os Alfazemas, Orquestra Popular do Nordeste, Roberta Fi\u00faza, Felipe Cordeiro e Luxo da Aldeia.<\/p>\n","protected":false},"excerpt":{"rendered":"<p>Fortaleza vai ter, entre os dias 8 e 10 novembro, uma Virada Cultural promovida pela Prefeitura da Capital. A agenda \u00e9 alusiva ao Dia Nacional da Cultura, celebrado em 5 de novembro. Ser\u00e3o 40 horas de programa\u00e7\u00e3o totalmente gratuita e cerca de 80 atra\u00e7\u00f5es diferentes. A programa\u00e7\u00e3o vai se desenrolar em v\u00e1rios locais, incluindo o Centro de Fortaleza. Est\u00e3o previstas atra\u00e7\u00f5es na Pra\u00e7a do Ferreira, Pra\u00e7a dos Le\u00f5es, Mercado dos Pinh\u00f5es, Pra\u00e7a Cristo Redentor, Teatro S\u00e3o Jos\u00e9, Complexo Cultural&hellip;<\/p>\n","protected":false},"author":1,"featured_media":0,"comment_status":"open","ping_status":"open","sticky":false,"template":"","format":"standard","meta":{"footnotes":""},"categories":[1],"tags":[],"class_list":["post-14403","post","type-post","status-publish","format-standard","hentry","category-noticias"],"_links":{"self":[{"href":"https:\/\/blogdorogeriogomes.com.br\/noticias\/wp-json\/wp\/v2\/posts\/14403","targetHints":{"allow":["GET"]}}],"collection":[{"href":"https:\/\/blogdorogeriogomes.com.br\/noticias\/wp-json\/wp\/v2\/posts"}],"about":[{"href":"https:\/\/blogdorogeriogomes.com.br\/noticias\/wp-json\/wp\/v2\/types\/post"}],"author":[{"embeddable":true,"href":"https:\/\/blogdorogeriogomes.com.br\/noticias\/wp-json\/wp\/v2\/users\/1"}],"replies":[{"embeddable":true,"href":"https:\/\/blogdorogeriogomes.com.br\/noticias\/wp-json\/wp\/v2\/comments?post=14403"}],"version-history":[{"count":1,"href":"https:\/\/blogdorogeriogomes.com.br\/noticias\/wp-json\/wp\/v2\/posts\/14403\/revisions"}],"predecessor-version":[{"id":14405,"href":"https:\/\/blogdorogeriogomes.com.br\/noticias\/wp-json\/wp\/v2\/posts\/14403\/revisions\/14405"}],"wp:attachment":[{"href":"https:\/\/blogdorogeriogomes.com.br\/noticias\/wp-json\/wp\/v2\/media?parent=14403"}],"wp:term":[{"taxonomy":"category","embeddable":true,"href":"https:\/\/blogdorogeriogomes.com.br\/noticias\/wp-json\/wp\/v2\/categories?post=14403"},{"taxonomy":"post_tag","embeddable":true,"href":"https:\/\/blogdorogeriogomes.com.br\/noticias\/wp-json\/wp\/v2\/tags?post=14403"}],"curies":[{"name":"wp","href":"https:\/\/api.w.org\/{rel}","templated":true}]}}