{"id":14409,"date":"2019-10-31T08:37:18","date_gmt":"2019-10-31T08:37:18","guid":{"rendered":"http:\/\/blogdorogeriogomes.com.br\/?p=14409"},"modified":"2019-10-31T08:37:18","modified_gmt":"2019-10-31T08:37:18","slug":"defesa-civil-de-fortaleza-determina-interdicao-de-predio-residencial-no-bairro-de-fatima","status":"publish","type":"post","link":"https:\/\/blogdorogeriogomes.com.br\/noticias\/2019\/10\/defesa-civil-de-fortaleza-determina-interdicao-de-predio-residencial-no-bairro-de-fatima\/","title":{"rendered":"Defesa Civil de Fortaleza determina interdi\u00e7\u00e3o de pr\u00e9dio residencial no bairro de F\u00e1tima"},"content":{"rendered":"<p><img loading=\"lazy\" decoding=\"async\" class=\"alignnone size-medium wp-image-14410\" src=\"http:\/\/blogdorogeriogomes.com.br\/wp-content\/uploads\/2019\/10\/1__l3a0360-10358185-300x199.jpg\" alt=\"1__l3a0360-10358185\" width=\"300\" height=\"199\" srcset=\"https:\/\/blogdorogeriogomes.com.br\/noticias\/wp-content\/uploads\/2019\/10\/1__l3a0360-10358185-300x199.jpg 300w, https:\/\/blogdorogeriogomes.com.br\/noticias\/wp-content\/uploads\/2019\/10\/1__l3a0360-10358185.jpg 750w\" sizes=\"auto, (max-width: 300px) 100vw, 300px\" \/><\/p>\n<p>A Defesa Civil de Fortaleza determinou, nesta quarta-feira, dia 30 de outubro, a interdi\u00e7\u00e3o do Edif\u00edcio Modigliane, localizado no Bairro de F\u00e1tima, em Fortaleza, por risco de desabamento. Moradores sa\u00edram dos apartamentos. Os t\u00e9cnicos da Defesa Civil orientaram as fam\u00edlias a n\u00e3o dormir no pr\u00e9dio.<br \/>\nO pr\u00e9dio, localizado na rua Jo\u00e3o Lobo Filho, 323, tem cerca de 30 anos de constru\u00eddo e passa por reforma desde segunda-feira, dia 28. O problema \u00e9 que um laudo da Defesa Civil atesta &#8220;alto risco&#8221; na estrutura do im\u00f3vel e determina que o respons\u00e1vel pelo condom\u00ednio promova a desocupa\u00e7\u00e3o imediata do local.<\/p>\n","protected":false},"excerpt":{"rendered":"<p>A Defesa Civil de Fortaleza determinou, nesta quarta-feira, dia 30 de outubro, a interdi\u00e7\u00e3o do Edif\u00edcio Modigliane, localizado no Bairro de F\u00e1tima, em Fortaleza, por risco de desabamento. Moradores sa\u00edram dos apartamentos. Os t\u00e9cnicos da Defesa Civil orientaram as fam\u00edlias a n\u00e3o dormir no pr\u00e9dio. O pr\u00e9dio, localizado na rua Jo\u00e3o Lobo Filho, 323, tem cerca de 30 anos de constru\u00eddo e passa por reforma desde segunda-feira, dia 28. O problema \u00e9 que um laudo da Defesa Civil atesta&hellip;<\/p>\n","protected":false},"author":1,"featured_media":0,"comment_status":"open","ping_status":"open","sticky":false,"template":"","format":"standard","meta":{"footnotes":""},"categories":[1],"tags":[],"class_list":["post-14409","post","type-post","status-publish","format-standard","hentry","category-noticias"],"_links":{"self":[{"href":"https:\/\/blogdorogeriogomes.com.br\/noticias\/wp-json\/wp\/v2\/posts\/14409","targetHints":{"allow":["GET"]}}],"collection":[{"href":"https:\/\/blogdorogeriogomes.com.br\/noticias\/wp-json\/wp\/v2\/posts"}],"about":[{"href":"https:\/\/blogdorogeriogomes.com.br\/noticias\/wp-json\/wp\/v2\/types\/post"}],"author":[{"embeddable":true,"href":"https:\/\/blogdorogeriogomes.com.br\/noticias\/wp-json\/wp\/v2\/users\/1"}],"replies":[{"embeddable":true,"href":"https:\/\/blogdorogeriogomes.com.br\/noticias\/wp-json\/wp\/v2\/comments?post=14409"}],"version-history":[{"count":1,"href":"https:\/\/blogdorogeriogomes.com.br\/noticias\/wp-json\/wp\/v2\/posts\/14409\/revisions"}],"predecessor-version":[{"id":14411,"href":"https:\/\/blogdorogeriogomes.com.br\/noticias\/wp-json\/wp\/v2\/posts\/14409\/revisions\/14411"}],"wp:attachment":[{"href":"https:\/\/blogdorogeriogomes.com.br\/noticias\/wp-json\/wp\/v2\/media?parent=14409"}],"wp:term":[{"taxonomy":"category","embeddable":true,"href":"https:\/\/blogdorogeriogomes.com.br\/noticias\/wp-json\/wp\/v2\/categories?post=14409"},{"taxonomy":"post_tag","embeddable":true,"href":"https:\/\/blogdorogeriogomes.com.br\/noticias\/wp-json\/wp\/v2\/tags?post=14409"}],"curies":[{"name":"wp","href":"https:\/\/api.w.org\/{rel}","templated":true}]}}