{"id":14412,"date":"2019-10-31T08:52:13","date_gmt":"2019-10-31T08:52:13","guid":{"rendered":"http:\/\/blogdorogeriogomes.com.br\/?p=14412"},"modified":"2019-10-31T08:52:13","modified_gmt":"2019-10-31T08:52:13","slug":"juiza-carolina-lebbos-diz-que-lula-pode-progredir-para-semiaberto-mas-deixa-decisao-final-com-stf","status":"publish","type":"post","link":"https:\/\/blogdorogeriogomes.com.br\/noticias\/2019\/10\/juiza-carolina-lebbos-diz-que-lula-pode-progredir-para-semiaberto-mas-deixa-decisao-final-com-stf\/","title":{"rendered":"Ju\u00edza Carolina Lebbos diz que Lula pode progredir para semiaberto, mas deixa decis\u00e3o final com STF"},"content":{"rendered":"<p><img loading=\"lazy\" decoding=\"async\" class=\"alignnone size-medium wp-image-14414\" src=\"http:\/\/blogdorogeriogomes.com.br\/wp-content\/uploads\/2019\/10\/IMAGEM_NOTICIA_0-300x169.jpg\" alt=\"IMAGEM_NOTICIA_0\" width=\"300\" height=\"169\" srcset=\"https:\/\/blogdorogeriogomes.com.br\/noticias\/wp-content\/uploads\/2019\/10\/IMAGEM_NOTICIA_0-300x169.jpg 300w, https:\/\/blogdorogeriogomes.com.br\/noticias\/wp-content\/uploads\/2019\/10\/IMAGEM_NOTICIA_0-768x431.jpg 768w, https:\/\/blogdorogeriogomes.com.br\/noticias\/wp-content\/uploads\/2019\/10\/IMAGEM_NOTICIA_0.jpg 890w\" sizes=\"auto, (max-width: 300px) 100vw, 300px\" \/><\/p>\n<p>Caber\u00e1 ao STF a decis\u00e3o final sobre a liberdade do ex-presidente Lula. Nesta quarta-feira, dia 30 de outubro, a ju\u00edza Carolina Lebbos afirmou que o ex-presidente pode progredir ao regime semiaberto para o cumprimento do restante da pena. No entanto, ela confirma que uma liminar do ministro Edson Fachin, do STF, garante a ao ex-presidente o direito de permanecer preso na Pol\u00edcia Federal em Curitiba. Lula rejeita semiaberto e diz que quer sair com sua inoc\u00eancia reconhecida.<br \/>\nA decis\u00e3o deve ser seguida at\u00e9 que seja conclu\u00eddo o julgamento do Habeas Corpus que trata da suspei\u00e7\u00e3o do ex-juiz Sergio Moro.<br \/>\nA for\u00e7a-tarefa da Opera\u00e7\u00e3o Lava Jato havia pedido que o petista fosse para o semiaberto para o cumprimento do restante da pena de 8 anos e 10 meses no caso triplex.<\/p>\n","protected":false},"excerpt":{"rendered":"<p>Caber\u00e1 ao STF a decis\u00e3o final sobre a liberdade do ex-presidente Lula. Nesta quarta-feira, dia 30 de outubro, a ju\u00edza Carolina Lebbos afirmou que o ex-presidente pode progredir ao regime semiaberto para o cumprimento do restante da pena. No entanto, ela confirma que uma liminar do ministro Edson Fachin, do STF, garante a ao ex-presidente o direito de permanecer preso na Pol\u00edcia Federal em Curitiba. Lula rejeita semiaberto e diz que quer sair com sua inoc\u00eancia reconhecida. A decis\u00e3o&hellip;<\/p>\n","protected":false},"author":1,"featured_media":0,"comment_status":"open","ping_status":"open","sticky":false,"template":"","format":"standard","meta":{"footnotes":""},"categories":[1],"tags":[],"class_list":["post-14412","post","type-post","status-publish","format-standard","hentry","category-noticias"],"_links":{"self":[{"href":"https:\/\/blogdorogeriogomes.com.br\/noticias\/wp-json\/wp\/v2\/posts\/14412","targetHints":{"allow":["GET"]}}],"collection":[{"href":"https:\/\/blogdorogeriogomes.com.br\/noticias\/wp-json\/wp\/v2\/posts"}],"about":[{"href":"https:\/\/blogdorogeriogomes.com.br\/noticias\/wp-json\/wp\/v2\/types\/post"}],"author":[{"embeddable":true,"href":"https:\/\/blogdorogeriogomes.com.br\/noticias\/wp-json\/wp\/v2\/users\/1"}],"replies":[{"embeddable":true,"href":"https:\/\/blogdorogeriogomes.com.br\/noticias\/wp-json\/wp\/v2\/comments?post=14412"}],"version-history":[{"count":1,"href":"https:\/\/blogdorogeriogomes.com.br\/noticias\/wp-json\/wp\/v2\/posts\/14412\/revisions"}],"predecessor-version":[{"id":14415,"href":"https:\/\/blogdorogeriogomes.com.br\/noticias\/wp-json\/wp\/v2\/posts\/14412\/revisions\/14415"}],"wp:attachment":[{"href":"https:\/\/blogdorogeriogomes.com.br\/noticias\/wp-json\/wp\/v2\/media?parent=14412"}],"wp:term":[{"taxonomy":"category","embeddable":true,"href":"https:\/\/blogdorogeriogomes.com.br\/noticias\/wp-json\/wp\/v2\/categories?post=14412"},{"taxonomy":"post_tag","embeddable":true,"href":"https:\/\/blogdorogeriogomes.com.br\/noticias\/wp-json\/wp\/v2\/tags?post=14412"}],"curies":[{"name":"wp","href":"https:\/\/api.w.org\/{rel}","templated":true}]}}