{"id":14419,"date":"2019-10-31T20:36:21","date_gmt":"2019-10-31T20:36:21","guid":{"rendered":"http:\/\/blogdorogeriogomes.com.br\/?p=14419"},"modified":"2019-10-31T20:36:21","modified_gmt":"2019-10-31T20:36:21","slug":"novo-codigo-da-cidade-entra-em-vigor-a-partir-desta-quinta-feira","status":"publish","type":"post","link":"https:\/\/blogdorogeriogomes.com.br\/noticias\/2019\/10\/novo-codigo-da-cidade-entra-em-vigor-a-partir-desta-quinta-feira\/","title":{"rendered":"Novo C\u00f3digo da Cidade entra em vigor a partir desta quinta-feira"},"content":{"rendered":"<p><img loading=\"lazy\" decoding=\"async\" class=\"alignnone size-medium wp-image-14421\" src=\"http:\/\/blogdorogeriogomes.com.br\/wp-content\/uploads\/2019\/10\/Vista-a\u00e9rea-da-praia-de-Iracema-em-Fortaleza-550x366-300x200.jpg\" alt=\"Vista-a\u00e9rea-da-praia-de-Iracema-em-Fortaleza-550x366\" width=\"300\" height=\"200\" srcset=\"https:\/\/blogdorogeriogomes.com.br\/noticias\/wp-content\/uploads\/2019\/10\/Vista-a\u00e9rea-da-praia-de-Iracema-em-Fortaleza-550x366-300x200.jpg 300w, https:\/\/blogdorogeriogomes.com.br\/noticias\/wp-content\/uploads\/2019\/10\/Vista-a\u00e9rea-da-praia-de-Iracema-em-Fortaleza-550x366.jpg 550w\" sizes=\"auto, (max-width: 300px) 100vw, 300px\" \/><\/p>\n<p>O novo C\u00f3digo da Cidade, aprovado pela C\u00e2mara Municipal de Fortaleza e sancionado pelo prefeito Roberto Cl\u00e1udio, entra em vigor a partir desta quinta-feira, dia 31 de outubro. O documento, que substitui o C\u00f3digo de Obras e Posturas de 1981, servir\u00e1 como um manual de instru\u00e7\u00f5es para o cidad\u00e3o.<br \/>\nPara a regulariza\u00e7\u00e3o de atividades e constru\u00e7\u00e3o, o C\u00f3digo da Cidade estabelece o Programa Fortaleza Online como sistema de licenciamento da Prefeitura de Fortaleza, possibilitando que novos produtos sejam dispon\u00edveis ao cidad\u00e3o de forma online, 24 horas por dia, dando maior celeridade aos processos. A grande novidade \u00e9 a emiss\u00e3o de todos os tipos de Alvar\u00e1 de Funcionamento, j\u00e1 a partir desta quinta-feira por meio da ferramenta online, incluindo o alvar\u00e1 social, que contempla com a isen\u00e7\u00e3o de taxas as entidades do terceiro setor e beneficia com taxa \u00fanica anual de R$ 50 os micro e pequenos empreendedores, facilitando ainda mais a vida do cidad\u00e3o.<br \/>\nPor meio do Programa Fortaleza Online tamb\u00e9m ser\u00e1 poss\u00edvel emitir o Licenciamento \u00danico para Constru\u00e7\u00e3o, que reunir\u00e1, em um \u00fanico documento, os processos de Licenciamento Ambiental, Registro Sanit\u00e1rio, Alvar\u00e1 de Funcionamento, Plano de Gerenciamento de Res\u00edduos S\u00f3lidos (PGRS) e Licenciamento de An\u00fancios.<\/p>\n","protected":false},"excerpt":{"rendered":"<p>O novo C\u00f3digo da Cidade, aprovado pela C\u00e2mara Municipal de Fortaleza e sancionado pelo prefeito Roberto Cl\u00e1udio, entra em vigor a partir desta quinta-feira, dia 31 de outubro. O documento, que substitui o C\u00f3digo de Obras e Posturas de 1981, servir\u00e1 como um manual de instru\u00e7\u00f5es para o cidad\u00e3o. Para a regulariza\u00e7\u00e3o de atividades e constru\u00e7\u00e3o, o C\u00f3digo da Cidade estabelece o Programa Fortaleza Online como sistema de licenciamento da Prefeitura de Fortaleza, possibilitando que novos produtos sejam dispon\u00edveis&hellip;<\/p>\n","protected":false},"author":1,"featured_media":0,"comment_status":"open","ping_status":"open","sticky":false,"template":"","format":"standard","meta":{"footnotes":""},"categories":[1],"tags":[],"class_list":["post-14419","post","type-post","status-publish","format-standard","hentry","category-noticias"],"_links":{"self":[{"href":"https:\/\/blogdorogeriogomes.com.br\/noticias\/wp-json\/wp\/v2\/posts\/14419","targetHints":{"allow":["GET"]}}],"collection":[{"href":"https:\/\/blogdorogeriogomes.com.br\/noticias\/wp-json\/wp\/v2\/posts"}],"about":[{"href":"https:\/\/blogdorogeriogomes.com.br\/noticias\/wp-json\/wp\/v2\/types\/post"}],"author":[{"embeddable":true,"href":"https:\/\/blogdorogeriogomes.com.br\/noticias\/wp-json\/wp\/v2\/users\/1"}],"replies":[{"embeddable":true,"href":"https:\/\/blogdorogeriogomes.com.br\/noticias\/wp-json\/wp\/v2\/comments?post=14419"}],"version-history":[{"count":1,"href":"https:\/\/blogdorogeriogomes.com.br\/noticias\/wp-json\/wp\/v2\/posts\/14419\/revisions"}],"predecessor-version":[{"id":14422,"href":"https:\/\/blogdorogeriogomes.com.br\/noticias\/wp-json\/wp\/v2\/posts\/14419\/revisions\/14422"}],"wp:attachment":[{"href":"https:\/\/blogdorogeriogomes.com.br\/noticias\/wp-json\/wp\/v2\/media?parent=14419"}],"wp:term":[{"taxonomy":"category","embeddable":true,"href":"https:\/\/blogdorogeriogomes.com.br\/noticias\/wp-json\/wp\/v2\/categories?post=14419"},{"taxonomy":"post_tag","embeddable":true,"href":"https:\/\/blogdorogeriogomes.com.br\/noticias\/wp-json\/wp\/v2\/tags?post=14419"}],"curies":[{"name":"wp","href":"https:\/\/api.w.org\/{rel}","templated":true}]}}