{"id":14427,"date":"2019-11-01T09:01:07","date_gmt":"2019-11-01T09:01:07","guid":{"rendered":"http:\/\/blogdorogeriogomes.com.br\/?p=14427"},"modified":"2019-11-01T09:01:07","modified_gmt":"2019-11-01T09:01:07","slug":"apos-tumultos-no-plenario-evaldo-lima-retira-o-projeto-de-liberdade-de-catedra-da-pauta-da-camara","status":"publish","type":"post","link":"https:\/\/blogdorogeriogomes.com.br\/noticias\/2019\/11\/apos-tumultos-no-plenario-evaldo-lima-retira-o-projeto-de-liberdade-de-catedra-da-pauta-da-camara\/","title":{"rendered":"Ap\u00f3s tumultos no plen\u00e1rio, Evaldo Lima retira o projeto de liberdade de c\u00e1tedra da pauta da C\u00e2mara"},"content":{"rendered":"<p><img loading=\"lazy\" decoding=\"async\" class=\"alignnone size-medium wp-image-14429\" src=\"http:\/\/blogdorogeriogomes.com.br\/wp-content\/uploads\/2019\/11\/ASM_8967-300x200.jpg\" alt=\"ASM_8967\" width=\"300\" height=\"200\" srcset=\"https:\/\/blogdorogeriogomes.com.br\/noticias\/wp-content\/uploads\/2019\/11\/ASM_8967-300x200.jpg 300w, https:\/\/blogdorogeriogomes.com.br\/noticias\/wp-content\/uploads\/2019\/11\/ASM_8967-768x512.jpg 768w, https:\/\/blogdorogeriogomes.com.br\/noticias\/wp-content\/uploads\/2019\/11\/ASM_8967-1024x683.jpg 1024w\" sizes=\"auto, (max-width: 300px) 100vw, 300px\" \/><\/p>\n<p>Em comum acordo com a Mesa Diretora e as lideran\u00e7as partid\u00e1rias, o vereador Evaldo Lima (PCdoB) decidiu tirar da pauta da C\u00e2mara Municipal de Fortaleza o projeto de liberdade de c\u00e1tedra para professores da rede municipal, nesta quinta-feira, dia 31 de outubro. A bancada religiosa na C\u00e2mara pressionou contra o projeto e professores, favor\u00e1veis \u00e0 proposta, lotaram as galerias para protestar. Houve at\u00e9 tumulto.<br \/>\n\u201cTendo em vista a incompreens\u00e3o do escopo do projeto de parcelas significativas do parlamento, tiramos de pauta. Continuaremos em defesa da raz\u00e3o, da ci\u00eancia, da arte, da educa\u00e7\u00e3o e da civiliza\u00e7\u00e3o\u201d, disse Evaldo Lima.<br \/>\nO autor do projeto rebateu not\u00edcias que associam um projeto de sua autoria ao ensino de \u201cideologia de g\u00eanero\u201d nas escolas de Fortaleza, tratando-as como fake news.<br \/>\nO parlamentar alega que o projeto tinha como objetivo proteger o professor frente a casos de viol\u00eancia no exerc\u00edcio de sua atividade profissional. Evaldo garantiu que n\u00e3o havia nenhum artigo no projeto que prev\u00ea o ensino de ideologia de g\u00eanero na rede municipal de ensino.<\/p>\n","protected":false},"excerpt":{"rendered":"<p>Em comum acordo com a Mesa Diretora e as lideran\u00e7as partid\u00e1rias, o vereador Evaldo Lima (PCdoB) decidiu tirar da pauta da C\u00e2mara Municipal de Fortaleza o projeto de liberdade de c\u00e1tedra para professores da rede municipal, nesta quinta-feira, dia 31 de outubro. A bancada religiosa na C\u00e2mara pressionou contra o projeto e professores, favor\u00e1veis \u00e0 proposta, lotaram as galerias para protestar. Houve at\u00e9 tumulto. \u201cTendo em vista a incompreens\u00e3o do escopo do projeto de parcelas significativas do parlamento, tiramos&hellip;<\/p>\n","protected":false},"author":1,"featured_media":0,"comment_status":"open","ping_status":"open","sticky":false,"template":"","format":"standard","meta":{"footnotes":""},"categories":[1],"tags":[],"class_list":["post-14427","post","type-post","status-publish","format-standard","hentry","category-noticias"],"_links":{"self":[{"href":"https:\/\/blogdorogeriogomes.com.br\/noticias\/wp-json\/wp\/v2\/posts\/14427","targetHints":{"allow":["GET"]}}],"collection":[{"href":"https:\/\/blogdorogeriogomes.com.br\/noticias\/wp-json\/wp\/v2\/posts"}],"about":[{"href":"https:\/\/blogdorogeriogomes.com.br\/noticias\/wp-json\/wp\/v2\/types\/post"}],"author":[{"embeddable":true,"href":"https:\/\/blogdorogeriogomes.com.br\/noticias\/wp-json\/wp\/v2\/users\/1"}],"replies":[{"embeddable":true,"href":"https:\/\/blogdorogeriogomes.com.br\/noticias\/wp-json\/wp\/v2\/comments?post=14427"}],"version-history":[{"count":1,"href":"https:\/\/blogdorogeriogomes.com.br\/noticias\/wp-json\/wp\/v2\/posts\/14427\/revisions"}],"predecessor-version":[{"id":14430,"href":"https:\/\/blogdorogeriogomes.com.br\/noticias\/wp-json\/wp\/v2\/posts\/14427\/revisions\/14430"}],"wp:attachment":[{"href":"https:\/\/blogdorogeriogomes.com.br\/noticias\/wp-json\/wp\/v2\/media?parent=14427"}],"wp:term":[{"taxonomy":"category","embeddable":true,"href":"https:\/\/blogdorogeriogomes.com.br\/noticias\/wp-json\/wp\/v2\/categories?post=14427"},{"taxonomy":"post_tag","embeddable":true,"href":"https:\/\/blogdorogeriogomes.com.br\/noticias\/wp-json\/wp\/v2\/tags?post=14427"}],"curies":[{"name":"wp","href":"https:\/\/api.w.org\/{rel}","templated":true}]}}