{"id":14431,"date":"2019-11-01T20:25:46","date_gmt":"2019-11-01T20:25:46","guid":{"rendered":"http:\/\/blogdorogeriogomes.com.br\/?p=14431"},"modified":"2019-11-01T20:25:46","modified_gmt":"2019-11-01T20:25:46","slug":"psol-pede-afastamento-de-promotora-das-investigacoes-do-assassinato-de-marielle-franco","status":"publish","type":"post","link":"https:\/\/blogdorogeriogomes.com.br\/noticias\/2019\/11\/psol-pede-afastamento-de-promotora-das-investigacoes-do-assassinato-de-marielle-franco\/","title":{"rendered":"PSOL pede afastamento de promotora das investiga\u00e7\u00f5es do assassinato de Marielle Franco"},"content":{"rendered":"<p><img loading=\"lazy\" decoding=\"async\" class=\"alignnone size-medium wp-image-14432\" src=\"http:\/\/blogdorogeriogomes.com.br\/wp-content\/uploads\/2019\/11\/images-2019-11-01T172152.417-300x200.jpeg\" alt=\"images - 2019-11-01T172152.417\" width=\"300\" height=\"200\" srcset=\"https:\/\/blogdorogeriogomes.com.br\/noticias\/wp-content\/uploads\/2019\/11\/images-2019-11-01T172152.417-300x200.jpeg 300w, https:\/\/blogdorogeriogomes.com.br\/noticias\/wp-content\/uploads\/2019\/11\/images-2019-11-01T172152.417.jpeg 678w\" sizes=\"auto, (max-width: 300px) 100vw, 300px\" \/><\/p>\n<p>De acordo com a coluna Painel, da Folha de S. Paulo, o deputado Marcelo Freixo (PSOL-RJ) entrou, nesta sexta-feira, dia 1\u00b0 de novembro, com uma representa\u00e7\u00e3o pedindo que a promotora Carmen Eliza Bastos de Carvalho seja afastada da investiga\u00e7\u00e3o do assassinato de Marielle Franco.<br \/>\nO parlamentar tamb\u00e9m solicita ao procurador-geral Jos\u00e9 Eduardo Ciotola Gussem que nova per\u00edcia no \u00e1udio dos interfones do condom\u00ednio Vivendas da Barra, onde mora um dos suspeitos de terem executado a vereadora e onde o presidente Jair Bolsonaro tem casa.<br \/>\nCarmen est\u00e1 sendo questionada por suposta parcialidade ap\u00f3s virem a p\u00fablico fotos da promotora com a camisa do ent\u00e3o candidato a presidente Bolsonaro e outra com o deputado estadual Daniel Amorim, conhecido por ter quebrado a placa com o nome de Marielle. Freixo argumenta que, por ter apoiado abertamente Bolsonaro, promotora n\u00e3o estaria apta a investigar o presidente.<\/p>\n","protected":false},"excerpt":{"rendered":"<p>De acordo com a coluna Painel, da Folha de S. Paulo, o deputado Marcelo Freixo (PSOL-RJ) entrou, nesta sexta-feira, dia 1\u00b0 de novembro, com uma representa\u00e7\u00e3o pedindo que a promotora Carmen Eliza Bastos de Carvalho seja afastada da investiga\u00e7\u00e3o do assassinato de Marielle Franco. O parlamentar tamb\u00e9m solicita ao procurador-geral Jos\u00e9 Eduardo Ciotola Gussem que nova per\u00edcia no \u00e1udio dos interfones do condom\u00ednio Vivendas da Barra, onde mora um dos suspeitos de terem executado a vereadora e onde o&hellip;<\/p>\n","protected":false},"author":1,"featured_media":0,"comment_status":"open","ping_status":"open","sticky":false,"template":"","format":"standard","meta":{"footnotes":""},"categories":[1],"tags":[],"class_list":["post-14431","post","type-post","status-publish","format-standard","hentry","category-noticias"],"_links":{"self":[{"href":"https:\/\/blogdorogeriogomes.com.br\/noticias\/wp-json\/wp\/v2\/posts\/14431","targetHints":{"allow":["GET"]}}],"collection":[{"href":"https:\/\/blogdorogeriogomes.com.br\/noticias\/wp-json\/wp\/v2\/posts"}],"about":[{"href":"https:\/\/blogdorogeriogomes.com.br\/noticias\/wp-json\/wp\/v2\/types\/post"}],"author":[{"embeddable":true,"href":"https:\/\/blogdorogeriogomes.com.br\/noticias\/wp-json\/wp\/v2\/users\/1"}],"replies":[{"embeddable":true,"href":"https:\/\/blogdorogeriogomes.com.br\/noticias\/wp-json\/wp\/v2\/comments?post=14431"}],"version-history":[{"count":1,"href":"https:\/\/blogdorogeriogomes.com.br\/noticias\/wp-json\/wp\/v2\/posts\/14431\/revisions"}],"predecessor-version":[{"id":14433,"href":"https:\/\/blogdorogeriogomes.com.br\/noticias\/wp-json\/wp\/v2\/posts\/14431\/revisions\/14433"}],"wp:attachment":[{"href":"https:\/\/blogdorogeriogomes.com.br\/noticias\/wp-json\/wp\/v2\/media?parent=14431"}],"wp:term":[{"taxonomy":"category","embeddable":true,"href":"https:\/\/blogdorogeriogomes.com.br\/noticias\/wp-json\/wp\/v2\/categories?post=14431"},{"taxonomy":"post_tag","embeddable":true,"href":"https:\/\/blogdorogeriogomes.com.br\/noticias\/wp-json\/wp\/v2\/tags?post=14431"}],"curies":[{"name":"wp","href":"https:\/\/api.w.org\/{rel}","templated":true}]}}