{"id":14434,"date":"2019-11-02T09:50:25","date_gmt":"2019-11-02T09:50:25","guid":{"rendered":"http:\/\/blogdorogeriogomes.com.br\/?p=14434"},"modified":"2019-11-02T09:50:25","modified_gmt":"2019-11-02T09:50:25","slug":"flavio-dino-defende-em-fortaleza-a-aproximacao-do-pdt-e-pt-para-as-proximas-eleicoes","status":"publish","type":"post","link":"https:\/\/blogdorogeriogomes.com.br\/noticias\/2019\/11\/flavio-dino-defende-em-fortaleza-a-aproximacao-do-pdt-e-pt-para-as-proximas-eleicoes\/","title":{"rendered":"Fl\u00e1vio Dino defende em Fortaleza a aproxima\u00e7\u00e3o do PDT e PT para as pr\u00f3ximas elei\u00e7\u00f5es"},"content":{"rendered":"<p><img loading=\"lazy\" decoding=\"async\" class=\"alignnone size-medium wp-image-14435\" src=\"http:\/\/blogdorogeriogomes.com.br\/wp-content\/uploads\/2019\/11\/Fotos_D\u00e1rio-Gabriel-Fl\u00e1vio-Dino-no-Cear\u00e1-2-300x200.jpeg\" alt=\"Fotos_D\u00e1rio-Gabriel-Fl\u00e1vio-Dino-no-Cear\u00e1-2\" width=\"300\" height=\"200\" srcset=\"https:\/\/blogdorogeriogomes.com.br\/noticias\/wp-content\/uploads\/2019\/11\/Fotos_D\u00e1rio-Gabriel-Fl\u00e1vio-Dino-no-Cear\u00e1-2-300x200.jpeg 300w, https:\/\/blogdorogeriogomes.com.br\/noticias\/wp-content\/uploads\/2019\/11\/Fotos_D\u00e1rio-Gabriel-Fl\u00e1vio-Dino-no-Cear\u00e1-2-768x512.jpeg 768w, https:\/\/blogdorogeriogomes.com.br\/noticias\/wp-content\/uploads\/2019\/11\/Fotos_D\u00e1rio-Gabriel-Fl\u00e1vio-Dino-no-Cear\u00e1-2-1024x683.jpeg 1024w, https:\/\/blogdorogeriogomes.com.br\/noticias\/wp-content\/uploads\/2019\/11\/Fotos_D\u00e1rio-Gabriel-Fl\u00e1vio-Dino-no-Cear\u00e1-2.jpeg 1200w\" sizes=\"auto, (max-width: 300px) 100vw, 300px\" \/><\/p>\n<p>O governador do Maranh\u00e3o, Fl\u00e1vio Dino (PCdoB), esteve de passagem por Fortaleza, nesta sexta-feira, dia 1\u00b0 de novembro, ao participar do II Congresso de Direito Eleitoral, na Assembleia Legislativa, onde foi recepcionado pelo presidente da Casa, Jos\u00e9 Sarto. Fl\u00e1vio Dino \u00e9 um dos nomes da esquerda cotados hoje como presidenci\u00e1vel para 2022. O governador maranhense defende uma aproxima\u00e7\u00e3o de siglas de esquerda, como PT e PDT, para os pr\u00f3ximos pleitos eleitorais.<br \/>\nNo evento, Fl\u00e1vio Dino criticou a utiliza\u00e7\u00e3o do Direito Penal em benef\u00edcio de correntes ideol\u00f3gicas. \u00c9 o que, segundo ele, se configura a pr\u00e1tica do atual Governador Bolsonaro.<br \/>\n&#8220;Hoje, se naturaliza algu\u00e9m que veste camisa de candidato: uma promotora, um juiz, que compare\u00e7a a eventos partid\u00e1rios e, no dia seguinte, atue em conflitos que sejam implicados pessoas que foram favorecidas por sua atua\u00e7\u00e3o&#8221;. A &#8220;persegui\u00e7\u00e3o aos inimigos&#8221;, diz ele.<br \/>\n&#8220;O problema n\u00e3o \u00e9 existir extrema-direta ou extrema-esquerda, o problema \u00e9 quando a defesa de posi\u00e7\u00f5es diferentes se transforma na luta de exterm\u00ednio de quem pensa diferente&#8221;, afirmou Fl\u00e1vio Dino.<\/p>\n","protected":false},"excerpt":{"rendered":"<p>O governador do Maranh\u00e3o, Fl\u00e1vio Dino (PCdoB), esteve de passagem por Fortaleza, nesta sexta-feira, dia 1\u00b0 de novembro, ao participar do II Congresso de Direito Eleitoral, na Assembleia Legislativa, onde foi recepcionado pelo presidente da Casa, Jos\u00e9 Sarto. Fl\u00e1vio Dino \u00e9 um dos nomes da esquerda cotados hoje como presidenci\u00e1vel para 2022. O governador maranhense defende uma aproxima\u00e7\u00e3o de siglas de esquerda, como PT e PDT, para os pr\u00f3ximos pleitos eleitorais. No evento, Fl\u00e1vio Dino criticou a utiliza\u00e7\u00e3o do&hellip;<\/p>\n","protected":false},"author":1,"featured_media":0,"comment_status":"open","ping_status":"open","sticky":false,"template":"","format":"standard","meta":{"footnotes":""},"categories":[1],"tags":[],"class_list":["post-14434","post","type-post","status-publish","format-standard","hentry","category-noticias"],"_links":{"self":[{"href":"https:\/\/blogdorogeriogomes.com.br\/noticias\/wp-json\/wp\/v2\/posts\/14434","targetHints":{"allow":["GET"]}}],"collection":[{"href":"https:\/\/blogdorogeriogomes.com.br\/noticias\/wp-json\/wp\/v2\/posts"}],"about":[{"href":"https:\/\/blogdorogeriogomes.com.br\/noticias\/wp-json\/wp\/v2\/types\/post"}],"author":[{"embeddable":true,"href":"https:\/\/blogdorogeriogomes.com.br\/noticias\/wp-json\/wp\/v2\/users\/1"}],"replies":[{"embeddable":true,"href":"https:\/\/blogdorogeriogomes.com.br\/noticias\/wp-json\/wp\/v2\/comments?post=14434"}],"version-history":[{"count":1,"href":"https:\/\/blogdorogeriogomes.com.br\/noticias\/wp-json\/wp\/v2\/posts\/14434\/revisions"}],"predecessor-version":[{"id":14436,"href":"https:\/\/blogdorogeriogomes.com.br\/noticias\/wp-json\/wp\/v2\/posts\/14434\/revisions\/14436"}],"wp:attachment":[{"href":"https:\/\/blogdorogeriogomes.com.br\/noticias\/wp-json\/wp\/v2\/media?parent=14434"}],"wp:term":[{"taxonomy":"category","embeddable":true,"href":"https:\/\/blogdorogeriogomes.com.br\/noticias\/wp-json\/wp\/v2\/categories?post=14434"},{"taxonomy":"post_tag","embeddable":true,"href":"https:\/\/blogdorogeriogomes.com.br\/noticias\/wp-json\/wp\/v2\/tags?post=14434"}],"curies":[{"name":"wp","href":"https:\/\/api.w.org\/{rel}","templated":true}]}}